{"id":9448,"date":"2011-01-11T06:56:19","date_gmt":"2011-01-11T06:56:19","guid":{"rendered":"https:\/\/ooops.pl\/?p=9448"},"modified":"2011-01-11T07:06:10","modified_gmt":"2011-01-11T07:06:10","slug":"klatki-brzuchate","status":"publish","type":"post","link":"https:\/\/ooops.pl\/?p=9448","title":{"rendered":"klatki brzuchate"},"content":{"rendered":"<p>czy jest <a href=\"https:\/\/ooops.pl\/?p=9410#comment-3730\"><em>jed\u00adna wer\u00adsja histo\u00adrii<\/em><\/a>\u2026 czy jest jedna, ponadczasowa estetyka? nie wiem. (nie s\u0105dz\u0119.) to, co podoba\u0142o mi si\u0119 kiedy\u015b \u2013 dzi\u015b ju\u017c mi si\u0119 nie podoba; i wisi w szafie, czekaj\u0105c na czasy, gdy dzisiejsza estetyka (a te\u017c: wersja historii, pogl\u0105d polityczny\u2026) \u2013 si\u0119 zu\u017cyje. jak R\u0119kawiczka.<br \/>\n<br \/><a href=\"http:\/\/pracownia52.pl\/www\/?page_id=2424\"><img loading=\"lazy\" decoding=\"async\" src=\"https:\/\/ooops.pl\/wp-content\/uploads\/2011\/01\/P1108948-low.jpg\" alt=\"\" title=\"P1108948-low\" width=\"650\" height=\"488\" class=\"alignnone size-full wp-image-9451\" srcset=\"https:\/\/ooops.pl\/wp-content\/uploads\/2011\/01\/P1108948-low.jpg 650w, https:\/\/ooops.pl\/wp-content\/uploads\/2011\/01\/P1108948-low-300x225.jpg 300w, https:\/\/ooops.pl\/wp-content\/uploads\/2011\/01\/P1108948-low-520x390.jpg 520w, https:\/\/ooops.pl\/wp-content\/uploads\/2011\/01\/P1108948-low-624x468.jpg 624w\" sizes=\"auto, (max-width: 650px) 100vw, 650px\" \/><\/a><br \/>\n<!--more--><br \/>\n&#8230;&#8230;&#8230;&#8230;&#8230;&#8230;&#8230;&#8230;&#8230;&#8230;&#8230;&#8230;&#8230;&#8230;&#8230;.<br \/>\npartia \u201eliberalna&#8221; podnosi dzi\u015b podatki; i m\u00f3wi, \u017ce <em>to dla naszego dobra<\/em>. Peerel (tfu) zaczyna by\u0107 wspominany jako czas, gdy (niekt\u00f3rych) problem\u00f3w nie by\u0142o\u2026<\/p>\n<ol>jak w tym wszystkim funkcjonuje \u2013 <strong>opis<\/strong>? przecie\u017c bez opisu \u2013 nie ma rozmowy (a te\u017c: nauki); a bez niej \u2013 wsp\u00f3\u0142pracy\u2026<\/ol>\n<p>anomia.<\/p>\n<blockquote><p>\u201eM\u00f3wi\u0105c umownie, prezydent Komorowski <a href=\"http:\/\/wiadomosci.onet.pl\/tylko-w-onecie\/nowak-prezydent-wzial-to-wszystko-na-klate,1,4101522,wiadomosc.html\">wzi\u0105\u0142 to wszystko na klat\u0119<\/a>, ogarn\u0105\u0142 kryzys i przeprowadzi\u0142 przez niego Polsk\u0119&#8221;. Na koniec Nowak stwierdzi\u0142, \u017ce nie jest wykluczone, \u017ce prezydent b\u0119dzie w Smole\u0144sku 10 kwietnia na obchodach rocznicy\u2026<\/p><\/blockquote>\n<p>a ja w dupie mam obchody rocznicy.<br \/>\nznacznie bardziej interesuje mnie profilaktyka (w tym: katastrof, w tym: opis tego, co <strong>jest<\/strong>.<br \/>\nto trzeba \u201ewzi\u0105\u0107 na klat\u0119&#8221; (bosz, co za \u017cargon!) \u2013 a nie: do brzucha.<br \/>\nZdania: a nie \u2013 S\u0142owa.<br \/>\ntylko jak?<br \/>\nskoro brakuje J\u0119zyka Opisu, wsp\u00f3lnego\u2026<br \/>\n(i woli jego konstruowania\u2026)<br \/>\n&#8230;&#8230;&#8230;&#8230;&#8230;&#8230;&#8230;&#8230;&#8230;&#8230;&#8230;&#8230;&#8230;&#8230;&#8230;.<br \/>\nps.<\/p>\n<blockquote><p><a href=\"http:\/\/bronikowski.com\/1669\"><strong>Emil Oppeln-Bronikowski<\/strong><\/a><br \/>\n<em><strong>\u017b\u0105damy prawdy<\/strong><\/em><br \/>\nNie, nie \u017c\u0105dacie prawdy. Prawda jest zbyteczna ludziom, kt\u00f3rzy maj\u0105 ju\u017c wszystkie odpowiedzi. Prawda jest zwykle bolesna, przewraca spi\u017cowe pos\u0105gi i pali obrazy. Prawd\u2026<\/p><\/blockquote>\n","protected":false},"excerpt":{"rendered":"<p>czy jest jed\u00adna wer\u00adsja histo\u00adrii\u2026 czy jest jedna, ponadczasowa estetyka? nie wiem. (nie s\u0105dz\u0119.) to, co podoba\u0142o mi si\u0119 kiedy\u015b \u2013 dzi\u015b ju\u017c mi si\u0119 nie podoba; i&#8230;<\/p>\n","protected":false},"author":1,"featured_media":0,"comment_status":"open","ping_status":"open","sticky":false,"template":"","format":"standard","meta":{"footnotes":""},"categories":[3,16,418,18],"tags":[101,2171,158,230,1518],"class_list":["post-9448","post","type-post","status-publish","format-standard","hentry","category-jezyk","category-poglady","category-polskie-blogi","category-projektowanie","tag-czas","tag-estetyka","tag-historia","tag-liberalizm","tag-ordery"],"_links":{"self":[{"href":"https:\/\/ooops.pl\/index.php?rest_route=\/wp\/v2\/posts\/9448","targetHints":{"allow":["GET"]}}],"collection":[{"href":"https:\/\/ooops.pl\/index.php?rest_route=\/wp\/v2\/posts"}],"about":[{"href":"https:\/\/ooops.pl\/index.php?rest_route=\/wp\/v2\/types\/post"}],"author":[{"embeddable":true,"href":"https:\/\/ooops.pl\/index.php?rest_route=\/wp\/v2\/users\/1"}],"replies":[{"embeddable":true,"href":"https:\/\/ooops.pl\/index.php?rest_route=%2Fwp%2Fv2%2Fcomments&post=9448"}],"version-history":[{"count":15,"href":"https:\/\/ooops.pl\/index.php?rest_route=\/wp\/v2\/posts\/9448\/revisions"}],"predecessor-version":[{"id":9464,"href":"https:\/\/ooops.pl\/index.php?rest_route=\/wp\/v2\/posts\/9448\/revisions\/9464"}],"wp:attachment":[{"href":"https:\/\/ooops.pl\/index.php?rest_route=%2Fwp%2Fv2%2Fmedia&parent=9448"}],"wp:term":[{"taxonomy":"category","embeddable":true,"href":"https:\/\/ooops.pl\/index.php?rest_route=%2Fwp%2Fv2%2Fcategories&post=9448"},{"taxonomy":"post_tag","embeddable":true,"href":"https:\/\/ooops.pl\/index.php?rest_route=%2Fwp%2Fv2%2Ftags&post=9448"}],"curies":[{"name":"wp","href":"https:\/\/api.w.org\/{rel}","templated":true}]}}