{"id":38049,"date":"2025-12-10T20:45:15","date_gmt":"2025-12-10T19:45:15","guid":{"rendered":"https:\/\/ooops.pl\/?p=38049"},"modified":"2025-12-11T17:06:15","modified_gmt":"2025-12-11T16:06:15","slug":"o-dalszy-dynamiczny-rozwoj-socjalizmu-w-szczecinku-13-xii-1981","status":"publish","type":"post","link":"https:\/\/ooops.pl\/?p=38049","title":{"rendered":"\u201eO dalszy dynamiczny rozw\u00f3j socjalizmu w Szczecinku\u201d (13 XII 1981)"},"content":{"rendered":"\n<blockquote class=\"wp-block-quote is-layout-flow wp-block-quote-is-layout-flow\">\n<p><em>Ten numer tygodnika studenckiego ITD, datowany na <strong><a href=\"https:\/\/perspektywy.pl\/e-book\/itd\/?fbclid=IwZXh0bgNhZW0CMTAAAR3MfQfJGBK3xHxV4Q0V1UIFv161YmYnqfXl7qBk3ppifMGp-tlUQm_H5Zg_aem_hS9mzP20xkKMQiPABnsFHQ#page1\" data-type=\"link\" data-id=\"https:\/\/perspektywy.pl\/e-book\/itd\/?fbclid=IwZXh0bgNhZW0CMTAAAR3MfQfJGBK3xHxV4Q0V1UIFv161YmYnqfXl7qBk3ppifMGp-tlUQm_H5Zg_aem_hS9mzP20xkKMQiPABnsFHQ#page1\">13 grudnia 1981 roku<\/a><\/strong>, wojsko skaza\u0142o na zniszczenie i przemieli\u0142o prawie w ca\u0142o\u015bci. Szcz\u0119\u015bliwie, mimo rygor\u00f3w stanu wojennego, drukarze i kioskarze uchronili kilkadziesi\u0105t egzemplarzy przed przemieleniem.<br \/>Dlatego mogli\u015bmy odtworzy\u0107 go w formie reprintu, a teraz udost\u0119pniamy w formie <strong><a href=\"https:\/\/perspektywy.pl\/e-book\/itd\/?fbclid=IwZXh0bgNhZW0CMTAAAR3MfQfJGBK3xHxV4Q0V1UIFv161YmYnqfXl7qBk3ppifMGp-tlUQm_H5Zg_aem_hS9mzP20xkKMQiPABnsFHQ#page18\" data-type=\"link\" data-id=\"https:\/\/perspektywy.pl\/e-book\/itd\/?fbclid=IwZXh0bgNhZW0CMTAAAR3MfQfJGBK3xHxV4Q0V1UIFv161YmYnqfXl7qBk3ppifMGp-tlUQm_H5Zg_aem_hS9mzP20xkKMQiPABnsFHQ#page18\">e-booka<\/a><\/strong>:<\/em> (\u2026)<br \/><strong><a href=\"https:\/\/myzsp.org.pl\/numer-itd-z-13-12-1981\/\" data-type=\"link\" data-id=\"https:\/\/myzsp.org.pl\/numer-itd-z-13-12-1981\/\">Waldemar Siwi\u0144ski&nbsp;<\/a><\/strong><\/p>\n<\/blockquote>\n\n\n\n<p>te\u017c polecam, nie bez pewnej\u2026 <strong><a href=\"https:\/\/pracownia52.pl\/www\/?page_id=325\" data-type=\"link\" data-id=\"https:\/\/pracownia52.pl\/www\/?page_id=325\">dozy pr\u00f3\u017cno\u015bci<\/a><\/strong>.\u00a0<br \/>mr m. <\/p>\n\n\n\n<figure class=\"wp-block-gallery has-nested-images columns-default is-cropped wp-block-gallery-1 is-layout-flex wp-block-gallery-is-layout-flex\">\n<figure class=\"wp-block-image size-full\"><a href=\"https:\/\/perspektywy.pl\/e-book\/itd\/?fbclid=IwZXh0bgNhZW0CMTAAAR3MfQfJGBK3xHxV4Q0V1UIFv161YmYnqfXl7qBk3ppifMGp-tlUQm_H5Zg_aem_hS9mzP20xkKMQiPABnsFHQ#page18\"><img loading=\"lazy\" decoding=\"async\" width=\"1904\" height=\"1200\" data-id=\"38053\" src=\"https:\/\/ooops.pl\/wp-content\/uploads\/2025\/12\/O-dalszy-dynamiczny-w-Szczecinku-itd-nr-13-XII-1981-mr-m-WP-01-1.jpg\" alt=\"\" class=\"wp-image-38053\" srcset=\"https:\/\/ooops.pl\/wp-content\/uploads\/2025\/12\/O-dalszy-dynamiczny-w-Szczecinku-itd-nr-13-XII-1981-mr-m-WP-01-1.jpg 1904w, https:\/\/ooops.pl\/wp-content\/uploads\/2025\/12\/O-dalszy-dynamiczny-w-Szczecinku-itd-nr-13-XII-1981-mr-m-WP-01-1-300x189.jpg 300w, https:\/\/ooops.pl\/wp-content\/uploads\/2025\/12\/O-dalszy-dynamiczny-w-Szczecinku-itd-nr-13-XII-1981-mr-m-WP-01-1-768x484.jpg 768w, https:\/\/ooops.pl\/wp-content\/uploads\/2025\/12\/O-dalszy-dynamiczny-w-Szczecinku-itd-nr-13-XII-1981-mr-m-WP-01-1-1024x645.jpg 1024w, https:\/\/ooops.pl\/wp-content\/uploads\/2025\/12\/O-dalszy-dynamiczny-w-Szczecinku-itd-nr-13-XII-1981-mr-m-WP-01-1-1536x968.jpg 1536w\" sizes=\"auto, (max-width: 1904px) 100vw, 1904px\" \/><\/a><\/figure>\n\n\n\n<figure class=\"wp-block-image size-full\"><a href=\"https:\/\/perspektywy.pl\/e-book\/itd\/?fbclid=IwZXh0bgNhZW0CMTAAAR3MfQfJGBK3xHxV4Q0V1UIFv161YmYnqfXl7qBk3ppifMGp-tlUQm_H5Zg_aem_hS9mzP20xkKMQiPABnsFHQ#page20\"><img loading=\"lazy\" decoding=\"async\" width=\"1900\" height=\"1200\" data-id=\"38054\" src=\"https:\/\/ooops.pl\/wp-content\/uploads\/2025\/12\/O-dalszy-02-dynamiczny-w-Szczecinku-mr-m-WP-02-1.jpg\" alt=\"\" class=\"wp-image-38054\" srcset=\"https:\/\/ooops.pl\/wp-content\/uploads\/2025\/12\/O-dalszy-02-dynamiczny-w-Szczecinku-mr-m-WP-02-1.jpg 1900w, https:\/\/ooops.pl\/wp-content\/uploads\/2025\/12\/O-dalszy-02-dynamiczny-w-Szczecinku-mr-m-WP-02-1-300x189.jpg 300w, https:\/\/ooops.pl\/wp-content\/uploads\/2025\/12\/O-dalszy-02-dynamiczny-w-Szczecinku-mr-m-WP-02-1-768x485.jpg 768w, https:\/\/ooops.pl\/wp-content\/uploads\/2025\/12\/O-dalszy-02-dynamiczny-w-Szczecinku-mr-m-WP-02-1-1024x647.jpg 1024w, https:\/\/ooops.pl\/wp-content\/uploads\/2025\/12\/O-dalszy-02-dynamiczny-w-Szczecinku-mr-m-WP-02-1-1536x970.jpg 1536w\" sizes=\"auto, (max-width: 1900px) 100vw, 1900px\" \/><\/a><\/figure>\n<\/figure>\n","protected":false},"excerpt":{"rendered":"<p>Ten numer tygodnika studenckiego ITD, datowany na 13 grudnia 1981 roku, wojsko skaza\u0142o na zniszczenie i przemieli\u0142o prawie w ca\u0142o\u015bci. Szcz\u0119\u015bliwie, mimo rygor\u00f3w stanu wojennego, drukarze i kioskarze uchronili kilkadziesi\u0105t egzemplarzy przed przemieleniem.Dlatego mogli\u015bmy odtworzy\u0107 go w formie reprintu, a teraz udost\u0119pniamy w formie e-booka: (\u2026)Waldemar Siwi\u0144ski&nbsp; te\u017c polecam, nie bez pewnej\u2026 dozy pr\u00f3\u017cno\u015bci.\u00a0mr m.<\/p>\n","protected":false},"author":1,"featured_media":38042,"comment_status":"closed","ping_status":"open","sticky":false,"template":"","format":"standard","meta":{"footnotes":""},"categories":[5811,405],"tags":[469,436,91,5679,175,6305,307,1812,354,7489,7161],"class_list":["post-38049","post","type-post","status-publish","format-standard","has-post-thumbnail","hentry","category-5811","category-the-best-of-this-old-mundp-page","tag-13-grudnia","tag-1981-prace","tag-cenzura","tag-fotografia-analogowa","tag-itd","tag-mr-makowski","tag-prl","tag-stan-wojenny","tag-szczecinek","tag-waldemar-siwinski","tag-witold-pawlowski"],"_links":{"self":[{"href":"https:\/\/ooops.pl\/index.php?rest_route=\/wp\/v2\/posts\/38049","targetHints":{"allow":["GET"]}}],"collection":[{"href":"https:\/\/ooops.pl\/index.php?rest_route=\/wp\/v2\/posts"}],"about":[{"href":"https:\/\/ooops.pl\/index.php?rest_route=\/wp\/v2\/types\/post"}],"author":[{"embeddable":true,"href":"https:\/\/ooops.pl\/index.php?rest_route=\/wp\/v2\/users\/1"}],"replies":[{"embeddable":true,"href":"https:\/\/ooops.pl\/index.php?rest_route=%2Fwp%2Fv2%2Fcomments&post=38049"}],"version-history":[{"count":7,"href":"https:\/\/ooops.pl\/index.php?rest_route=\/wp\/v2\/posts\/38049\/revisions"}],"predecessor-version":[{"id":38058,"href":"https:\/\/ooops.pl\/index.php?rest_route=\/wp\/v2\/posts\/38049\/revisions\/38058"}],"wp:featuredmedia":[{"embeddable":true,"href":"https:\/\/ooops.pl\/index.php?rest_route=\/wp\/v2\/media\/38042"}],"wp:attachment":[{"href":"https:\/\/ooops.pl\/index.php?rest_route=%2Fwp%2Fv2%2Fmedia&parent=38049"}],"wp:term":[{"taxonomy":"category","embeddable":true,"href":"https:\/\/ooops.pl\/index.php?rest_route=%2Fwp%2Fv2%2Fcategories&post=38049"},{"taxonomy":"post_tag","embeddable":true,"href":"https:\/\/ooops.pl\/index.php?rest_route=%2Fwp%2Fv2%2Ftags&post=38049"}],"curies":[{"name":"wp","href":"https:\/\/api.w.org\/{rel}","templated":true}]}}