{"id":37352,"date":"2012-07-26T11:34:01","date_gmt":"2012-07-26T09:34:01","guid":{"rendered":"http:\/\/regementarz.pl\/?p=123"},"modified":"2012-07-26T11:34:01","modified_gmt":"2012-07-26T09:34:01","slug":"dziesiaty-osmy-dwunasty","status":"publish","type":"post","link":"https:\/\/ooops.pl\/?p=37352","title":{"rendered":"Dziesi\u0105ty. \u00d3smy. (Dwunasty.)"},"content":{"rendered":"<p><a href=\"http:\/\/www.pracownia52.pl\/\"><\/a><a href=\"https:\/\/ooops.pl\/wp-content\/uploads\/2012\/07\/slawek-golaszewski-foto-mr-makowski-info-do-publ-w-sieci-KONIECZNE-96dpi.jpg\"><img loading=\"lazy\" decoding=\"async\" src=\"https:\/\/ooops.pl\/wp-content\/uploads\/2012\/07\/slawek-golaszewski-foto-mr-makowski-info-do-publ-w-sieci-KONIECZNE-96dpi-224x300.jpg\" alt=\"\" title=\"slawek-golaszewski-foto-mr-makowski-info-do-publ-w-sieci-KONIECZNE-96dpi\" width=\"224\" height=\"300\" class=\"alignnone size-medium wp-image-131\" \/><\/a><\/p>\n<blockquote><p><strong>Slavek Pakos<\/strong>:<br \/>\nMo\u017cemy ju\u017c anonsowa\u0107 premier\u0119 ksi\u0105\u017cki i audiobooka S\u0142awomira Go\u0142aszewskiego <a href=\"http:\/\/www.ostrodareggae.com\/\">na festiwalu w Ostr\u00f3dzie<\/a>!<br \/>\nPierwsza okazja aby zakupi\u0107 ksi\u0105\u017ck\u0119 z audiobookiem i wzi\u0105\u0107 autograf trafi si\u0119 ju\u017c\u2026<\/p>\n<ol><strong>10 sierpnia (pi\u0105tek), godz. 11\u2070\u2070<\/strong><\/ol>\n<p>\u2026albowiem wtedy w ramach <a href=\"https:\/\/www.facebook.com\/photo.php?fbid=10151071071596676&#038;set=a.10151071071421676.404448.343654986675&#038;type=1&#038;theater\">Uniwersytetu Reggae<\/a> odb\u0119dzie si\u0119 <strong>spotkanie autorskie ze S\u0142awomirem Go\u0142aszewskim<\/strong>.<br \/>\nProwadzenie miros\u0142aw r. makowski<\/p><\/blockquote>\n<p>(A wydawc\u0105 jest oczywi\u015bcie \u201e<a href=\"http:\/\/www.manufaktura-legenda.pl\/index.php\">Manufaktura Legenda<\/a>\u201d)<\/p>\n","protected":false},"excerpt":{"rendered":"<p>Slavek Pakos: Mo\u017cemy ju\u017c anonsowa\u0107 premier\u0119 ksi\u0105\u017cki i audiobooka S\u0142awomira Go\u0142aszewskiego na festiwalu w Ostr\u00f3dzie! Pierwsza okazja aby zakupi\u0107 ksi\u0105\u017ck\u0119 z audiobookiem i wzi\u0105\u0107 autograf trafi si\u0119 ju\u017c\u2026 10 sierpnia (pi\u0105tek), godz. 11\u2070\u2070 \u2026albowiem wtedy w ramach Uniwersytetu Reggae odb\u0119dzie si\u0119 spotkanie autorskie ze S\u0142awomirem Go\u0142aszewskim. Prowadzenie miros\u0142aw r. makowski (A wydawc\u0105 jest oczywi\u015bcie \u201eManufaktura [&hellip;]<\/p>\n","protected":false},"author":1,"featured_media":0,"comment_status":"open","ping_status":"open","sticky":false,"template":"","format":"standard","meta":{"footnotes":""},"categories":[7364],"tags":[],"class_list":["post-37352","post","type-post","status-publish","format-standard","hentry","category-cytaty"],"_links":{"self":[{"href":"https:\/\/ooops.pl\/index.php?rest_route=\/wp\/v2\/posts\/37352","targetHints":{"allow":["GET"]}}],"collection":[{"href":"https:\/\/ooops.pl\/index.php?rest_route=\/wp\/v2\/posts"}],"about":[{"href":"https:\/\/ooops.pl\/index.php?rest_route=\/wp\/v2\/types\/post"}],"author":[{"embeddable":true,"href":"https:\/\/ooops.pl\/index.php?rest_route=\/wp\/v2\/users\/1"}],"replies":[{"embeddable":true,"href":"https:\/\/ooops.pl\/index.php?rest_route=%2Fwp%2Fv2%2Fcomments&post=37352"}],"version-history":[{"count":0,"href":"https:\/\/ooops.pl\/index.php?rest_route=\/wp\/v2\/posts\/37352\/revisions"}],"wp:attachment":[{"href":"https:\/\/ooops.pl\/index.php?rest_route=%2Fwp%2Fv2%2Fmedia&parent=37352"}],"wp:term":[{"taxonomy":"category","embeddable":true,"href":"https:\/\/ooops.pl\/index.php?rest_route=%2Fwp%2Fv2%2Fcategories&post=37352"},{"taxonomy":"post_tag","embeddable":true,"href":"https:\/\/ooops.pl\/index.php?rest_route=%2Fwp%2Fv2%2Ftags&post=37352"}],"curies":[{"name":"wp","href":"https:\/\/api.w.org\/{rel}","templated":true}]}}