{"id":37186,"date":"2022-07-17T09:53:56","date_gmt":"2022-07-17T07:53:56","guid":{"rendered":"https:\/\/ooops.pl\/?p=37186"},"modified":"2022-07-17T09:53:57","modified_gmt":"2022-07-17T07:53:57","slug":"waste-land-detale-1980","status":"publish","type":"post","link":"https:\/\/ooops.pl\/?p=37186","title":{"rendered":"Waste Land, detale (1980)"},"content":{"rendered":"\n<p>\u2026i <strong><a href=\"https:\/\/ooops.pl\/?p=37115\" data-type=\"post\" data-id=\"37115\">zn\u00f3w<\/a><\/strong> <strong><a href=\"https:\/\/ooops.pl\/?p=37088\" data-type=\"post\" data-id=\"37088\">Luba\u0144<\/a><\/strong> czyli <strong><a href=\"https:\/\/pracownia52.pl\/www\/?page_id=2050\" data-type=\"URL\" data-id=\"https:\/\/pracownia52.pl\/www\/?page_id=2050\">Dolny \u015al\u0105sk<\/a><\/strong> albo G\u00f3rne \u0141u\u017cyce, zale\u017cy z kt\u00f3rej strony patrzysz. To z dawnego cmentarza ewangelickiego <strong><a href=\"http:\/\/www.lubanski.eu\/cmentarz-przy-kosciele-marii-panny-w-lubaniu\/\" data-type=\"URL\" data-id=\"http:\/\/www.lubanski.eu\/cmentarz-przy-kosciele-marii-panny-w-lubaniu\/\">przy ko\u015bciele Marii Panny w Lubaniu<\/a><\/strong>, na stoku Kamiennej G\u00f3ry. Istnia\u0142 do lat 70. XX wieku, p\u00f3\u017aniej na jego terenie za\u0142o\u017cono park, nie przeprowadzaj\u0105c pono\u0107 wcze\u015bniej ekshumacji.\u00a0 <br \/>A to moje zdj\u0119cie: 1980 rok\u2026 Kiedy\u015b mo\u017ce wi\u0119cej zdj\u0119\u0107.<br \/>mr m.<br \/><\/p>\n","protected":false},"excerpt":{"rendered":"<p>\u2026i zn\u00f3w Luba\u0144 czyli Dolny \u015al\u0105sk albo G\u00f3rne \u0141u\u017cyce, zale\u017cy z kt\u00f3rej strony patrzysz. To z dawnego cmentarza ewangelickiego przy ko\u015bciele Marii Panny w Lubaniu, na stoku Kamiennej&#8230;<\/p>\n","protected":false},"author":1,"featured_media":37189,"comment_status":"closed","ping_status":"open","sticky":false,"template":"","format":"standard","meta":{"footnotes":""},"categories":[5791,5789,5782,21,5806,405,409],"tags":[35,3961,30,114,7344,5679,7305,7343,1255,257,1279],"class_list":["post-37186","post","type-post","status-publish","format-standard","has-post-thumbnail","hentry","category-5791","category-ludzie","category-martyrologie","category-rzeczy-materialne","category-podroze","category-the-best-of-this-old-mundp-page","category-look-on-the-bright-side","tag-35","tag-cmentarz","tag-dolny-slask","tag-dzieci","tag-epitaphium-epitaphia-gorne-luzyce-lauban-horni-luzice-oberlausitz-hornja-luzica-na-stoku-kamienna-gora-protestant-cemetery-cemetery-cmentarz-waste-and-dewastacje","tag-fotografia-analogowa","tag-gorne-luzyce","tag-kindern","tag-luban","tag-muralia","tag-smierc"],"_links":{"self":[{"href":"https:\/\/ooops.pl\/index.php?rest_route=\/wp\/v2\/posts\/37186","targetHints":{"allow":["GET"]}}],"collection":[{"href":"https:\/\/ooops.pl\/index.php?rest_route=\/wp\/v2\/posts"}],"about":[{"href":"https:\/\/ooops.pl\/index.php?rest_route=\/wp\/v2\/types\/post"}],"author":[{"embeddable":true,"href":"https:\/\/ooops.pl\/index.php?rest_route=\/wp\/v2\/users\/1"}],"replies":[{"embeddable":true,"href":"https:\/\/ooops.pl\/index.php?rest_route=%2Fwp%2Fv2%2Fcomments&post=37186"}],"version-history":[{"count":2,"href":"https:\/\/ooops.pl\/index.php?rest_route=\/wp\/v2\/posts\/37186\/revisions"}],"predecessor-version":[{"id":37188,"href":"https:\/\/ooops.pl\/index.php?rest_route=\/wp\/v2\/posts\/37186\/revisions\/37188"}],"wp:featuredmedia":[{"embeddable":true,"href":"https:\/\/ooops.pl\/index.php?rest_route=\/wp\/v2\/media\/37189"}],"wp:attachment":[{"href":"https:\/\/ooops.pl\/index.php?rest_route=%2Fwp%2Fv2%2Fmedia&parent=37186"}],"wp:term":[{"taxonomy":"category","embeddable":true,"href":"https:\/\/ooops.pl\/index.php?rest_route=%2Fwp%2Fv2%2Fcategories&post=37186"},{"taxonomy":"post_tag","embeddable":true,"href":"https:\/\/ooops.pl\/index.php?rest_route=%2Fwp%2Fv2%2Ftags&post=37186"}],"curies":[{"name":"wp","href":"https:\/\/api.w.org\/{rel}","templated":true}]}}