{"id":37104,"date":"2022-06-18T09:53:26","date_gmt":"2022-06-18T07:53:26","guid":{"rendered":"https:\/\/ooops.pl\/?p=37104"},"modified":"2022-06-18T09:57:44","modified_gmt":"2022-06-18T07:57:44","slug":"luban-odslona-druga","status":"publish","type":"post","link":"https:\/\/ooops.pl\/?p=37104","title":{"rendered":"Luba\u0144: ods\u0142ona druga"},"content":{"rendered":"\n<p>I <strong><a href=\"https:\/\/ooops.pl\/?p=37088\" data-type=\"post\" data-id=\"37088\">zn\u00f3w<\/a><\/strong> dwa moje zdj\u0119cia z trasy <strong><a href=\"https:\/\/pracownia52.pl\/www\/?page_id=2050\" data-type=\"URL\" data-id=\"https:\/\/pracownia52.pl\/www\/?page_id=2050\">Dolny \u015al\u0105sk<\/a><\/strong>: Luba\u0144 (1980) i Luba\u0144 (2022); na g\u00f3rnym hipisi, Muzyczny Camping w Lubaniu \u2013 podobne s\u0105 te\u017c do tych <strong><a href=\"https:\/\/ooops.pl\/?p=36783\" data-type=\"post\" data-id=\"36783\">w naszej nowej ksi\u0105\u017cce<\/a><\/strong> (2021) \u2013 mr makowski, Konrad Wojciechowski \u201e<strong>Koniec festiwali albo kolorowa prywatyzacja. \u017bycie artystyczno-estradowe w Polsce 1955-2021<\/strong>\u201d. A z samej skrajnej lewej: to chyba <strong><a href=\"https:\/\/wasaznik.com\" data-type=\"URL\" data-id=\"https:\/\/wasaznik.com\">Micha\u0142 Was\u0105\u017cnik<\/a><\/strong>, je\u015bli mnie pami\u0119\u0107 nie myli.<br \/>Na dolnym oczywi\u015bcie Luba\u0144 dzi\u015b (2022). Korci\u0142o mnie, \u017ceby jeszcze pogada\u0107 z mieszka\u0144cami, tymi, kt\u00f3rzy pami\u0119taj\u0105 \u2013 ale uda\u0142o si\u0119 tylko przez chwil\u0119 i to z rocznikami a.d. 70 tylko, mieli dziesi\u0119\u0107 lat to ma\u0142o pami\u0119taj\u0105\u2026 Za kilka dni mo\u017ce dam tu.<br \/>mr m.<\/p>\n","protected":false},"excerpt":{"rendered":"<p>I zn\u00f3w dwa moje zdj\u0119cia z trasy Dolny \u015al\u0105sk: Luba\u0144 (1980) i Luba\u0144 (2022); na g\u00f3rnym hipisi, Muzyczny Camping w Lubaniu \u2013 podobne s\u0105 te\u017c do tych w naszej nowej ksi\u0105\u017cce (2021) \u2013 mr makowski, Konrad Wojciechowski \u201eKoniec festiwali albo kolorowa prywatyzacja. \u017bycie artystyczno-estradowe w Polsce 1955-2021\u201d. A z samej skrajnej lewej: to chyba Micha\u0142 [&hellip;]<\/p>\n","protected":false},"author":1,"featured_media":37108,"comment_status":"closed","ping_status":"open","sticky":false,"template":"","format":"standard","meta":{"footnotes":""},"categories":[5837,5791,4,9,5789,2134,405,5785,2130],"tags":[3639,7310,2862,307,7309],"class_list":["post-37104","post","type-post","status-publish","format-standard","has-post-thumbnail","hentry","category-5837","category-5791","category-muzyka","category-camera-obscura","category-ludzie","category-sztuka-miesa","category-the-best-of-this-old-mundp-page","category-slady-i-wydawnictwa","category-to-jest-peerel","tag-3639","tag-michal-wasaznik","tag-peerel","tag-prl","tag-ziemie-tzw-odzyskane"],"_links":{"self":[{"href":"https:\/\/ooops.pl\/index.php?rest_route=\/wp\/v2\/posts\/37104","targetHints":{"allow":["GET"]}}],"collection":[{"href":"https:\/\/ooops.pl\/index.php?rest_route=\/wp\/v2\/posts"}],"about":[{"href":"https:\/\/ooops.pl\/index.php?rest_route=\/wp\/v2\/types\/post"}],"author":[{"embeddable":true,"href":"https:\/\/ooops.pl\/index.php?rest_route=\/wp\/v2\/users\/1"}],"replies":[{"embeddable":true,"href":"https:\/\/ooops.pl\/index.php?rest_route=%2Fwp%2Fv2%2Fcomments&post=37104"}],"version-history":[{"count":8,"href":"https:\/\/ooops.pl\/index.php?rest_route=\/wp\/v2\/posts\/37104\/revisions"}],"predecessor-version":[{"id":37114,"href":"https:\/\/ooops.pl\/index.php?rest_route=\/wp\/v2\/posts\/37104\/revisions\/37114"}],"wp:featuredmedia":[{"embeddable":true,"href":"https:\/\/ooops.pl\/index.php?rest_route=\/wp\/v2\/media\/37108"}],"wp:attachment":[{"href":"https:\/\/ooops.pl\/index.php?rest_route=%2Fwp%2Fv2%2Fmedia&parent=37104"}],"wp:term":[{"taxonomy":"category","embeddable":true,"href":"https:\/\/ooops.pl\/index.php?rest_route=%2Fwp%2Fv2%2Fcategories&post=37104"},{"taxonomy":"post_tag","embeddable":true,"href":"https:\/\/ooops.pl\/index.php?rest_route=%2Fwp%2Fv2%2Ftags&post=37104"}],"curies":[{"name":"wp","href":"https:\/\/api.w.org\/{rel}","templated":true}]}}