{"id":37028,"date":"2022-04-07T15:06:29","date_gmt":"2022-04-07T13:06:29","guid":{"rendered":"https:\/\/ooops.pl\/?p=37028"},"modified":"2022-04-07T15:07:29","modified_gmt":"2022-04-07T13:07:29","slug":"ludwik-dorn-1954-2022","status":"publish","type":"post","link":"https:\/\/ooops.pl\/?p=37028","title":{"rendered":"Ludwik Dorn (1954-2022)"},"content":{"rendered":"\n<p>W m\u0142odo\u015bci je\u017adzi\u0142 z nami <strong><a href=\"https:\/\/pracownia52.pl\/www\/?page_id=1704\" data-type=\"URL\" data-id=\"https:\/\/pracownia52.pl\/www\/?page_id=1704\">na wakacje<\/a><\/strong> ale nie traktowali\u015bmy go zbyt powa\u017cnie: bo nieszcz\u0119\u015bliwie kocha\u0142 si\u0119 w naszej Kole\u017cance. Tu, na mym zdj\u0119ciu \u2013 sam sobie takie wymy\u015bli\u0142 \u2013 m\u00f3wi: \u201ezr\u00f3b mi takie foto jak bym by\u0142 w \u0142agrze\u2026\u201d (czy jako\u015b tak). Zabawne by\u0142y p\u00f3\u017aniejsze losy tego foto; ale mo\u017ce o tym kiedy\u015b.<br \/>mr m.<\/p>\n","protected":false},"excerpt":{"rendered":"<p>W m\u0142odo\u015bci je\u017adzi\u0142 z nami na wakacje ale nie traktowali\u015bmy go zbyt powa\u017cnie: bo nieszcz\u0119\u015bliwie kocha\u0142 si\u0119 w naszej Kole\u017cance. Tu, na mym zdj\u0119ciu \u2013 sam sobie takie wymy\u015bli\u0142 \u2013 m\u00f3wi: \u201ezr\u00f3b mi takie foto jak bym by\u0142 w \u0142agrze\u2026\u201d (czy jako\u015b tak). Zabawne by\u0142y p\u00f3\u017aniejsze losy tego foto; ale mo\u017ce o tym kiedy\u015b.mr m.<\/p>\n","protected":false},"author":1,"featured_media":37032,"comment_status":"closed","ping_status":"open","sticky":false,"template":"","format":"standard","meta":{"footnotes":""},"categories":[5789,5782,405,2130],"tags":[7257,225,7258,7260,2862,7259],"class_list":["post-37028","post","type-post","status-publish","format-standard","has-post-thumbnail","hentry","category-ludzie","category-martyrologie","category-the-best-of-this-old-mundp-page","category-to-jest-peerel","tag-dorn","tag-lata-70","tag-ludwik-dorn-2","tag-minister-policji","tag-peerel","tag-suwalszczyzna"],"_links":{"self":[{"href":"https:\/\/ooops.pl\/index.php?rest_route=\/wp\/v2\/posts\/37028","targetHints":{"allow":["GET"]}}],"collection":[{"href":"https:\/\/ooops.pl\/index.php?rest_route=\/wp\/v2\/posts"}],"about":[{"href":"https:\/\/ooops.pl\/index.php?rest_route=\/wp\/v2\/types\/post"}],"author":[{"embeddable":true,"href":"https:\/\/ooops.pl\/index.php?rest_route=\/wp\/v2\/users\/1"}],"replies":[{"embeddable":true,"href":"https:\/\/ooops.pl\/index.php?rest_route=%2Fwp%2Fv2%2Fcomments&post=37028"}],"version-history":[{"count":4,"href":"https:\/\/ooops.pl\/index.php?rest_route=\/wp\/v2\/posts\/37028\/revisions"}],"predecessor-version":[{"id":37033,"href":"https:\/\/ooops.pl\/index.php?rest_route=\/wp\/v2\/posts\/37028\/revisions\/37033"}],"wp:featuredmedia":[{"embeddable":true,"href":"https:\/\/ooops.pl\/index.php?rest_route=\/wp\/v2\/media\/37032"}],"wp:attachment":[{"href":"https:\/\/ooops.pl\/index.php?rest_route=%2Fwp%2Fv2%2Fmedia&parent=37028"}],"wp:term":[{"taxonomy":"category","embeddable":true,"href":"https:\/\/ooops.pl\/index.php?rest_route=%2Fwp%2Fv2%2Fcategories&post=37028"},{"taxonomy":"post_tag","embeddable":true,"href":"https:\/\/ooops.pl\/index.php?rest_route=%2Fwp%2Fv2%2Ftags&post=37028"}],"curies":[{"name":"wp","href":"https:\/\/api.w.org\/{rel}","templated":true}]}}