{"id":36953,"date":"2021-12-08T15:28:19","date_gmt":"2021-12-08T14:28:19","guid":{"rendered":"https:\/\/ooops.pl\/?p=36953"},"modified":"2021-12-08T15:33:12","modified_gmt":"2021-12-08T14:33:12","slug":"kupujcie-retro-jedyne-pismo","status":"publish","type":"post","link":"https:\/\/ooops.pl\/?p=36953","title":{"rendered":"Kupujcie \u201eRetro\u201d, jedyne pismo\u2026"},"content":{"rendered":"\n<p>\u2026kt\u00f3re pisze prawd\u0119 o peerelowskim rocku (bo ma dobre <strong><a href=\"https:\/\/ooops.pl\/?p=36787\" data-type=\"post\" data-id=\"36787\">\u017ar\u00f3d\u0142a informacji<\/a><\/strong>). Tym razem: Muzyczny Camping \u201eLuba\u0144\u201d (1979,1980).<br \/>mr m.<\/p>\n\n\n\n<figure class=\"wp-block-gallery columns-2 is-cropped wp-block-gallery-1 is-layout-flex wp-block-gallery-is-layout-flex\"><ul class=\"blocks-gallery-grid\"><li class=\"blocks-gallery-item\"><figure><img loading=\"lazy\" decoding=\"async\" width=\"1024\" height=\"776\" src=\"https:\/\/ooops.pl\/wp-content\/uploads\/2021\/12\/Retro-nr-grudzien-2021-mr-makowski-i-Konrad-Wojciechowski-koniec-festiwali-4680-1024x776.jpg\" alt=\"\" data-id=\"36955\" data-full-url=\"https:\/\/ooops.pl\/wp-content\/uploads\/2021\/12\/Retro-nr-grudzien-2021-mr-makowski-i-Konrad-Wojciechowski-koniec-festiwali-4680.jpg\" data-link=\"https:\/\/ooops.pl\/?attachment_id=36955\" class=\"wp-image-36955\" srcset=\"https:\/\/ooops.pl\/wp-content\/uploads\/2021\/12\/Retro-nr-grudzien-2021-mr-makowski-i-Konrad-Wojciechowski-koniec-festiwali-4680-1024x776.jpg 1024w, https:\/\/ooops.pl\/wp-content\/uploads\/2021\/12\/Retro-nr-grudzien-2021-mr-makowski-i-Konrad-Wojciechowski-koniec-festiwali-4680-300x227.jpg 300w, https:\/\/ooops.pl\/wp-content\/uploads\/2021\/12\/Retro-nr-grudzien-2021-mr-makowski-i-Konrad-Wojciechowski-koniec-festiwali-4680-768x582.jpg 768w, https:\/\/ooops.pl\/wp-content\/uploads\/2021\/12\/Retro-nr-grudzien-2021-mr-makowski-i-Konrad-Wojciechowski-koniec-festiwali-4680-1536x1164.jpg 1536w, https:\/\/ooops.pl\/wp-content\/uploads\/2021\/12\/Retro-nr-grudzien-2021-mr-makowski-i-Konrad-Wojciechowski-koniec-festiwali-4680.jpg 1800w\" sizes=\"auto, (max-width: 1024px) 100vw, 1024px\" \/><figcaption class=\"blocks-gallery-item__caption\">\u201e<strong><a href=\"https:\/\/ooops.pl\/?p=36787\" data-type=\"post\" data-id=\"36787\">Koniec festiwali<\/a><\/strong>\u2026\u201d<\/figcaption><\/figure><\/li><li class=\"blocks-gallery-item\"><figure><img loading=\"lazy\" decoding=\"async\" width=\"768\" height=\"1024\" src=\"https:\/\/ooops.pl\/wp-content\/uploads\/2021\/12\/Retro-nr-grudzien-2021-mr-makowski-i-Konrad-Wojciechowski-koniec-festiwali-4682-768x1024.jpg\" alt=\"\" data-id=\"36956\" data-full-url=\"https:\/\/ooops.pl\/wp-content\/uploads\/2021\/12\/Retro-nr-grudzien-2021-mr-makowski-i-Konrad-Wojciechowski-koniec-festiwali-4682.jpg\" data-link=\"https:\/\/ooops.pl\/?attachment_id=36956\" class=\"wp-image-36956\" srcset=\"https:\/\/ooops.pl\/wp-content\/uploads\/2021\/12\/Retro-nr-grudzien-2021-mr-makowski-i-Konrad-Wojciechowski-koniec-festiwali-4682-768x1024.jpg 768w, https:\/\/ooops.pl\/wp-content\/uploads\/2021\/12\/Retro-nr-grudzien-2021-mr-makowski-i-Konrad-Wojciechowski-koniec-festiwali-4682-225x300.jpg 225w, https:\/\/ooops.pl\/wp-content\/uploads\/2021\/12\/Retro-nr-grudzien-2021-mr-makowski-i-Konrad-Wojciechowski-koniec-festiwali-4682.jpg 900w\" sizes=\"auto, (max-width: 768px) 100vw, 768px\" \/><figcaption class=\"blocks-gallery-item__caption\">\u201e<strong><a href=\"https:\/\/ooops.pl\/?p=36787\" data-type=\"post\" data-id=\"36787\">Koniec festiwali<\/a><\/strong>\u2026\u201d<\/figcaption><\/figure><\/li><\/ul><\/figure>\n","protected":false},"excerpt":{"rendered":"<p>\u2026kt\u00f3re pisze prawd\u0119 o peerelowskim rocku (bo ma dobre \u017ar\u00f3d\u0142a informacji). Tym razem: Muzyczny Camping \u201eLuba\u0144\u201d (1979,1980).mr m.<\/p>\n","protected":false},"author":1,"featured_media":36961,"comment_status":"closed","ping_status":"open","sticky":false,"template":"","format":"standard","meta":{"footnotes":""},"categories":[4,5782,2134,405,2838,5785],"tags":[3303,35,7242,134,7108,4661,6305,7239,2862,5764,7240,7241],"class_list":["post-36953","post","type-post","status-publish","format-standard","has-post-thumbnail","hentry","category-muzyka","category-martyrologie","category-sztuka-miesa","category-the-best-of-this-old-mundp-page","category-ubu-media","category-slady-i-wydawnictwa","tag-3303","tag-35","tag-estrada","tag-fotografia","tag-koniec-festiwali-albo-kolorowa-prywatyzacja-zycie-artystyczno-estradowe-w-polsce-1955-2021","tag-konrad-wojciechowski","tag-mr-makowski","tag-muzyczny-camping-luban","tag-peerel","tag-polski-rock","tag-retro","tag-scena-w-polsce"],"_links":{"self":[{"href":"https:\/\/ooops.pl\/index.php?rest_route=\/wp\/v2\/posts\/36953","targetHints":{"allow":["GET"]}}],"collection":[{"href":"https:\/\/ooops.pl\/index.php?rest_route=\/wp\/v2\/posts"}],"about":[{"href":"https:\/\/ooops.pl\/index.php?rest_route=\/wp\/v2\/types\/post"}],"author":[{"embeddable":true,"href":"https:\/\/ooops.pl\/index.php?rest_route=\/wp\/v2\/users\/1"}],"replies":[{"embeddable":true,"href":"https:\/\/ooops.pl\/index.php?rest_route=%2Fwp%2Fv2%2Fcomments&post=36953"}],"version-history":[{"count":4,"href":"https:\/\/ooops.pl\/index.php?rest_route=\/wp\/v2\/posts\/36953\/revisions"}],"predecessor-version":[{"id":36959,"href":"https:\/\/ooops.pl\/index.php?rest_route=\/wp\/v2\/posts\/36953\/revisions\/36959"}],"wp:featuredmedia":[{"embeddable":true,"href":"https:\/\/ooops.pl\/index.php?rest_route=\/wp\/v2\/media\/36961"}],"wp:attachment":[{"href":"https:\/\/ooops.pl\/index.php?rest_route=%2Fwp%2Fv2%2Fmedia&parent=36953"}],"wp:term":[{"taxonomy":"category","embeddable":true,"href":"https:\/\/ooops.pl\/index.php?rest_route=%2Fwp%2Fv2%2Fcategories&post=36953"},{"taxonomy":"post_tag","embeddable":true,"href":"https:\/\/ooops.pl\/index.php?rest_route=%2Fwp%2Fv2%2Ftags&post=36953"}],"curies":[{"name":"wp","href":"https:\/\/api.w.org\/{rel}","templated":true}]}}