{"id":35840,"date":"2019-12-01T11:50:58","date_gmt":"2019-12-01T10:50:58","guid":{"rendered":"https:\/\/ooops.pl\/?p=35840"},"modified":"2019-12-01T11:51:00","modified_gmt":"2019-12-01T10:51:00","slug":"kelner-neoliberalizm-raz","status":"publish","type":"post","link":"https:\/\/ooops.pl\/?p=35840","title":{"rendered":"\u201eKelner: neoliberalizm, raz!\u201d"},"content":{"rendered":"\n<p>\u201eW ostatnich latach w\u00a0Polsce by\u0142o du\u017co dyskusji pod\u00a0has\u0142em \u00bbbyli\u015bmy g\u0142upi\u00ab; to\u00a0jest chocia\u017cby cykl wywiad\u00f3w Grzegorza Sroczy\u0144skiego. One pokazywa\u0142y refleksj\u0119 szeroko rozumianego obozu liberalnego, kt\u00f3ry\u00a0wskazywa\u0142 i\u00a0diagnozowa\u0142 b\u0142\u0119dy pope\u0142nione po\u00a01989 r., zar\u00f3wno te polityczne, jak i\u00a0gospodarcze. Do\u00a0mainstreamu przebi\u0142 si\u0119 pogl\u0105d, \u017ce\u00a0kszta\u0142t polskiej transformacji ekonomicznej i\u00a0politycznej jest dyskusyjny. Mo\u017cna dostrzec problemy, z\u00a0kt\u00f3rych\u00a0obecnie wynikaj\u0105 pewne trudno\u015bci III RP\u201d \u2013 zauwa\u017ca Pawe\u0142 Rojek.<\/p>\n\n\n\n<p>\u201eNatomiast ten raport [dot. polityki kulturalnej pa\u0144stwa \u2013 red.], patrz\u0105c na&nbsp;pozytywn\u0105 wizj\u0119 roli pa\u0144stwa w&nbsp;kulturze, jest jeszcze przed&nbsp;t\u0105 dyskusj\u0105. Tutaj pa\u0144stwo jest traktowane z&nbsp;wielk\u0105 nieufno\u015bci\u0105. W&nbsp;gospodarce przywykli\u015bmy do&nbsp;tego, \u017ce&nbsp;pa\u0144stwo mo\u017ce by\u0107 motorem nap\u0119dowym, cho\u0107 naturalnie zdarzaj\u0105 si\u0119 aberracje. Patrz\u0105c przez&nbsp;pryzmat tych ostatnich 30 lat, wida\u0107, \u017ce&nbsp;ogromny rozw\u00f3j gospodarek europejskich by\u0142 mo\u017cliwy dzi\u0119ki ingerencji pa\u0144stwa. Pa\u0144stwo jest istotnym graczem i&nbsp;jego kapita\u0142 potrzebny jest do&nbsp;rozwoju narodowej gospodarki\u201d \u2013 podkre\u015bla filozof.<\/p>\n\n\n\n<p>\u201eNa pewno zgodzi\u0142bym si\u0119 z\u00a0tym, \u017ce\u00a0has\u0142o liberalizmu albo\u00a0nie\u00a0interweniowania pa\u0144stwa nie\u00a0jest neutralne poniewa\u017c wzmacnia to, co jest obecnie. Znowu mo\u017cemy przez\u00a0analogi\u0119 por\u00f3wna\u0107 to\u00a0z\u00a0gospodark\u0105 \u2013 has\u0142o liberalizmu w\u00a0trakcie transformacji oznacza\u0142o, \u017ce\u00a0wzmacniamy te interesy i\u00a0te sieci powi\u0105za\u0144, kt\u00f3re by\u0142y silne w\u00a0momencie og\u0142aszania liberalizmu. W\u00a0gospodarce liberalizm jest korzystny dla silnych graczy i\u00a0petryfikuje ten uk\u0142ad, kiedy ta opcja zostaje przyj\u0119ta\u201d \u2013 stwierdza by\u0142y <strong><a href=\"https:\/\/klubjagiellonski.pl\/2019\/11\/30\/rojek-to-normalne-ze-ministerstwo-nie-finansuje-artysty-ktory-podwaza-sensownosc-polskiego-panstwa\/?fbclid=IwAR32SmE8ovHJxXiE1K0tU0gPbZt1QPaLoGP-CWhKYDZR7ZQpqbYX46Q58x8\">redaktor naczelny czasopisma idei \u201ePressje\u201d<\/a>.<\/strong><br \/><\/p>\n","protected":false},"excerpt":{"rendered":"<p>\u201eW ostatnich latach w\u00a0Polsce by\u0142o du\u017co dyskusji pod\u00a0has\u0142em \u00bbbyli\u015bmy g\u0142upi\u00ab; to\u00a0jest chocia\u017cby cykl wywiad\u00f3w Grzegorza Sroczy\u0144skiego. One pokazywa\u0142y refleksj\u0119 szeroko rozumianego obozu liberalnego, kt\u00f3ry\u00a0wskazywa\u0142 i\u00a0diagnozowa\u0142 b\u0142\u0119dy pope\u0142nione po\u00a01989 r., zar\u00f3wno te polityczne, jak i\u00a0gospodarcze. Do\u00a0mainstreamu przebi\u0142 si\u0119 pogl\u0105d, \u017ce\u00a0kszta\u0142t polskiej transformacji ekonomicznej i\u00a0politycznej jest dyskusyjny. Mo\u017cna dostrzec problemy, z\u00a0kt\u00f3rych\u00a0obecnie wynikaj\u0105 pewne trudno\u015bci III RP\u201d \u2013 [&hellip;]<\/p>\n","protected":false},"author":1,"featured_media":0,"comment_status":"closed","ping_status":"open","sticky":false,"template":"","format":"standard","meta":{"footnotes":""},"categories":[16],"tags":[445,91,167,2365,6082,284,6799,401],"class_list":["post-35840","post","type-post","status-publish","format-standard","hentry","category-poglady","tag-1989-prace","tag-cenzura","tag-iii-rp","tag-kultura","tag-neoliberalizm","tag-panstwo","tag-pawel-rojek","tag-xxi-wiek"],"_links":{"self":[{"href":"https:\/\/ooops.pl\/index.php?rest_route=\/wp\/v2\/posts\/35840","targetHints":{"allow":["GET"]}}],"collection":[{"href":"https:\/\/ooops.pl\/index.php?rest_route=\/wp\/v2\/posts"}],"about":[{"href":"https:\/\/ooops.pl\/index.php?rest_route=\/wp\/v2\/types\/post"}],"author":[{"embeddable":true,"href":"https:\/\/ooops.pl\/index.php?rest_route=\/wp\/v2\/users\/1"}],"replies":[{"embeddable":true,"href":"https:\/\/ooops.pl\/index.php?rest_route=%2Fwp%2Fv2%2Fcomments&post=35840"}],"version-history":[{"count":1,"href":"https:\/\/ooops.pl\/index.php?rest_route=\/wp\/v2\/posts\/35840\/revisions"}],"predecessor-version":[{"id":35841,"href":"https:\/\/ooops.pl\/index.php?rest_route=\/wp\/v2\/posts\/35840\/revisions\/35841"}],"wp:attachment":[{"href":"https:\/\/ooops.pl\/index.php?rest_route=%2Fwp%2Fv2%2Fmedia&parent=35840"}],"wp:term":[{"taxonomy":"category","embeddable":true,"href":"https:\/\/ooops.pl\/index.php?rest_route=%2Fwp%2Fv2%2Fcategories&post=35840"},{"taxonomy":"post_tag","embeddable":true,"href":"https:\/\/ooops.pl\/index.php?rest_route=%2Fwp%2Fv2%2Ftags&post=35840"}],"curies":[{"name":"wp","href":"https:\/\/api.w.org\/{rel}","templated":true}]}}