{"id":34733,"date":"2018-09-09T09:21:22","date_gmt":"2018-09-09T07:21:22","guid":{"rendered":"https:\/\/ooops.pl\/?p=34733"},"modified":"2018-09-09T09:22:45","modified_gmt":"2018-09-09T07:22:45","slug":"powszechnie-mowi-sie-o-tym-ze-kolejny-krach-jest-tylko-kwestia-czasu","status":"publish","type":"post","link":"https:\/\/ooops.pl\/?p=34733","title":{"rendered":"\u201e\u2026kolejny krach jest tylko kwesti\u0105 czasu\u2026\u201d"},"content":{"rendered":"<blockquote><p>\u2013 Problem polega na tym, \u017ce je\u017celi zak\u0142adasz, \u017ce kapitalizm jest dzi\u015b zbyt silny, aby demokracja wzi\u0119\u0142a go w gar\u015b\u0107 \u2013 tak jak uwa\u017ca niemiecki ekonomista Wolfgang Streeck \u2013 to nie jest wcale tak, \u017ce kto\u015b taki jak Grillo ma pomys\u0142 na to, aby okie\u0142zna\u0107 kapitalizm. Nawet Wolfgang Streeck nie ma to na pomys\u0142u. Wszystko wymkn\u0119\u0142o si\u0119 spod kontroli.<\/p>\n<p><strong>Kapitalizm, tak rozumiany, nigdy nie by\u0142 pod kontrol\u0105.<\/strong><\/p>\n<p>\u2013 Prawda. Totalnej kontroli nie mia\u0142 nawet Stalin, ale nie o to tu chodzi. Chodzi o to, \u017ce nie ma \u017cadnego pomys\u0142u, jak zapanowa\u0107 nad rynkami.<\/p>\n<ol>\u201e<a href=\"https:\/\/kulturaliberalna.pl\/2018\/04\/17\/jan-zielonka-wywiad-demokracja-liberalizm-unia-kontrrewolucja\/\"><strong>Libera\u0142owie przegi\u0119li. Z Janem Zielonk\u0105 rozmawia Jaros\u0142aw Kuisz<\/strong><\/a>\u201d<\/ol>\n<\/blockquote>\n","protected":false},"excerpt":{"rendered":"<p>\u2013 Problem polega na tym, \u017ce je\u017celi zak\u0142adasz, \u017ce kapitalizm jest dzi\u015b zbyt silny, aby demokracja wzi\u0119\u0142a go w gar\u015b\u0107 \u2013 tak jak uwa\u017ca niemiecki ekonomista Wolfgang Streeck \u2013 to nie jest wcale tak, \u017ce kto\u015b taki jak Grillo ma pomys\u0142 na to, aby okie\u0142zna\u0107 kapitalizm. Nawet Wolfgang Streeck nie ma to na pomys\u0142u. Wszystko [&hellip;]<\/p>\n","protected":false},"author":1,"featured_media":0,"comment_status":"closed","ping_status":"open","sticky":false,"template":"","format":"standard","meta":{"footnotes":""},"categories":[5837,5816,5831,5779,5830,405],"tags":[144,4920,6082,5405,6481,392],"class_list":["post-34733","post","type-post","status-publish","format-standard","hentry","category-5837","category-5816","category-iluzje","category-kto-placi-ten-wymaga","category-konformizm","category-the-best-of-this-old-mundp-page","tag-globalizacja","tag-jan-zielonka","tag-neoliberalizm","tag-politpoprawnosc","tag-wolfgang-streeck","tag-wolnosc"],"_links":{"self":[{"href":"https:\/\/ooops.pl\/index.php?rest_route=\/wp\/v2\/posts\/34733","targetHints":{"allow":["GET"]}}],"collection":[{"href":"https:\/\/ooops.pl\/index.php?rest_route=\/wp\/v2\/posts"}],"about":[{"href":"https:\/\/ooops.pl\/index.php?rest_route=\/wp\/v2\/types\/post"}],"author":[{"embeddable":true,"href":"https:\/\/ooops.pl\/index.php?rest_route=\/wp\/v2\/users\/1"}],"replies":[{"embeddable":true,"href":"https:\/\/ooops.pl\/index.php?rest_route=%2Fwp%2Fv2%2Fcomments&post=34733"}],"version-history":[{"count":3,"href":"https:\/\/ooops.pl\/index.php?rest_route=\/wp\/v2\/posts\/34733\/revisions"}],"predecessor-version":[{"id":34736,"href":"https:\/\/ooops.pl\/index.php?rest_route=\/wp\/v2\/posts\/34733\/revisions\/34736"}],"wp:attachment":[{"href":"https:\/\/ooops.pl\/index.php?rest_route=%2Fwp%2Fv2%2Fmedia&parent=34733"}],"wp:term":[{"taxonomy":"category","embeddable":true,"href":"https:\/\/ooops.pl\/index.php?rest_route=%2Fwp%2Fv2%2Fcategories&post=34733"},{"taxonomy":"post_tag","embeddable":true,"href":"https:\/\/ooops.pl\/index.php?rest_route=%2Fwp%2Fv2%2Ftags&post=34733"}],"curies":[{"name":"wp","href":"https:\/\/api.w.org\/{rel}","templated":true}]}}