{"id":34013,"date":"2018-03-08T19:35:47","date_gmt":"2018-03-08T18:35:47","guid":{"rendered":"https:\/\/ooops.pl\/?p=34013"},"modified":"2018-03-08T10:51:07","modified_gmt":"2018-03-08T09:51:07","slug":"uzylas-dobrego-czasownika-lubie","status":"publish","type":"post","link":"https:\/\/ooops.pl\/?p=34013","title":{"rendered":"\u201eU\u017cy\u0142a\u015b dobrego czasownika \u2014 lubi\u0119.\u201d"},"content":{"rendered":"<blockquote><p>Obszern\u0105 relacj\u0119 o stosunku Pi\u0142sudskiego do \u017byd\u00f3w poda\u0142a Teresa Lipkowska, c\u00f3rka Jadwigi Zukowskiej-Lipkowskiej, kuzynki Pi\u0142sudskiego. (\u2026)<\/p>\n<ol>\u201eKiedy\u015b zapyta\u0142am Komendanta, dlaczego lubi \u017byd\u00f3w?\u201d Pi\u0142sudski u\u015bmiechn\u0105\u0142 si\u0119. \u201eU\u017cy\u0142a\u015b dobrego czasownika \u2014 lubi\u0119\u201d. Siad\u0142 przy swoim skromnym biurku: \u201eDobrze, odpowiem ci na to pytanie, a ty powinna\u015b zro\u00adzumie\u0107, bo pochodzisz z tej samej szlachty kresowej, co ja. Istotnie wszyscy wiedz\u0105, \u017ce nie jestem antysemit\u0105, ale nie jestem te\u017c i filosemit\u0105. Ja ich po prostu LUBI\u0118. Czuj\u0119 si\u0119 dobrze w ich towarzystwie\u201d.<\/ol>\n<\/blockquote>\n<p><!--more--><\/p>\n<blockquote><p> Wyk\u0142ad, kt\u00f3ry rozpocz\u0105\u0142, by\u0142 szukaniem podobie\u0144stw i r\u00f3\u017cnic mi\u0119dzy arystokracj\u0105 polsk\u0105 i \u017cydowsk\u0105.<br \/>\n(\u2026)<\/p>\n<ol>\u201ePierwsz\u0105 cech\u0105 \u2013 m\u00f3wi\u0142 Pi\u0142sudski \u2013 jest pochodzenie, znajomo\u015b\u0107 genealogicznego drzewa. To wpaja si\u0119 od dziecka, zar\u00f3wno w polskich, a jeszcze bardziej w \u017cy\u00addowskich rodzinach\u2026\u201d<\/ol>\n<\/blockquote>\n<p>za:<br \/>\nJerzy Klechta, \u201e<a href=\"https:\/\/dzismis.com\/2018\/03\/07\/pilsudski-i-zydzi\/\"><strong>Pi\u0142sudski i \u017bydzi<\/strong><\/a>\u201d (2018)<\/p>\n","protected":false},"excerpt":{"rendered":"<p>Obszern\u0105 relacj\u0119 o stosunku Pi\u0142sudskiego do \u017byd\u00f3w poda\u0142a Teresa Lipkowska, c\u00f3rka Jadwigi Zukowskiej-Lipkowskiej, kuzynki Pi\u0142sudskiego. (\u2026) \u201eKiedy\u015b zapyta\u0142am Komendanta, dlaczego lubi \u017byd\u00f3w?\u201d Pi\u0142sudski u\u015bmiechn\u0105\u0142 si\u0119. \u201eU\u017cy\u0142a\u015b dobrego czasownika&#8230;<\/p>\n","protected":false},"author":1,"featured_media":0,"comment_status":"closed","ping_status":"open","sticky":false,"template":"","format":"standard","meta":{"footnotes":""},"categories":[405],"tags":[165,6190,999,3381,217,6191,237],"class_list":["post-34013","post","type-post","status-publish","format-standard","hentry","category-the-best-of-this-old-mundp-page","tag-ii-rp","tag-jerzy-klechta","tag-jozef-pilsudski","tag-korzenie","tag-kresy","tag-teresa-lipkowska","tag-zydzi"],"_links":{"self":[{"href":"https:\/\/ooops.pl\/index.php?rest_route=\/wp\/v2\/posts\/34013","targetHints":{"allow":["GET"]}}],"collection":[{"href":"https:\/\/ooops.pl\/index.php?rest_route=\/wp\/v2\/posts"}],"about":[{"href":"https:\/\/ooops.pl\/index.php?rest_route=\/wp\/v2\/types\/post"}],"author":[{"embeddable":true,"href":"https:\/\/ooops.pl\/index.php?rest_route=\/wp\/v2\/users\/1"}],"replies":[{"embeddable":true,"href":"https:\/\/ooops.pl\/index.php?rest_route=%2Fwp%2Fv2%2Fcomments&post=34013"}],"version-history":[{"count":3,"href":"https:\/\/ooops.pl\/index.php?rest_route=\/wp\/v2\/posts\/34013\/revisions"}],"predecessor-version":[{"id":34016,"href":"https:\/\/ooops.pl\/index.php?rest_route=\/wp\/v2\/posts\/34013\/revisions\/34016"}],"wp:attachment":[{"href":"https:\/\/ooops.pl\/index.php?rest_route=%2Fwp%2Fv2%2Fmedia&parent=34013"}],"wp:term":[{"taxonomy":"category","embeddable":true,"href":"https:\/\/ooops.pl\/index.php?rest_route=%2Fwp%2Fv2%2Fcategories&post=34013"},{"taxonomy":"post_tag","embeddable":true,"href":"https:\/\/ooops.pl\/index.php?rest_route=%2Fwp%2Fv2%2Ftags&post=34013"}],"curies":[{"name":"wp","href":"https:\/\/api.w.org\/{rel}","templated":true}]}}