{"id":33823,"date":"2018-01-30T09:09:08","date_gmt":"2018-01-30T08:09:08","guid":{"rendered":"https:\/\/ooops.pl\/?p=33823"},"modified":"2018-01-30T09:09:08","modified_gmt":"2018-01-30T08:09:08","slug":"tajemnice-mistycznej-unii-laczacej-polakow-i-zydow","status":"publish","type":"post","link":"https:\/\/ooops.pl\/?p=33823","title":{"rendered":"\u201e\u2026tajemnice mistycznej unii \u0142\u0105cz\u0105cej Polak\u00f3w i \u017byd\u00f3w\u2026\u201d"},"content":{"rendered":"<blockquote><p>Krasi\u0144ski nigdy nie z\u0142agodzi\u0142 antysemickiego stanowiska, przeciwnie, broni\u0142 go argumentem takim oto, \u017ce Mickiewicz sta\u0142 si\u0119 przedstawicielem \u201educha azjatyckiego, \u017cydowskiego, co mu si\u0119 wessa\u0142 w \u017cy\u0142y pod postaci\u0105 \u017cony\u201d.<br \/>\nDuch \u017cydowski jako \u017cona wampirzyca to koncept wart mo\u017ce uwa\u017cnych literackich ogl\u0119dzin.<\/p><\/blockquote>\n<p><a href=\"https:\/\/magazynszum.pl\/krew-i-duch-zydzi-romantykow\/\"><strong>Maria Janion<\/strong><\/a> \u201eKrew i duch. \u017bydzi romantyk\u00f3w\u201d <\/p>\n","protected":false},"excerpt":{"rendered":"<p>Krasi\u0144ski nigdy nie z\u0142agodzi\u0142 antysemickiego stanowiska, przeciwnie, broni\u0142 go argumentem takim oto, \u017ce Mickiewicz sta\u0142 si\u0119 przedstawicielem \u201educha azjatyckiego, \u017cydowskiego, co mu si\u0119 wessa\u0142 w \u017cy\u0142y pod postaci\u0105 \u017cony\u201d. Duch \u017cydowski jako \u017cona wampirzyca to koncept wart mo\u017ce uwa\u017cnych literackich ogl\u0119dzin. Maria Janion \u201eKrew i duch. \u017bydzi romantyk\u00f3w\u201d<\/p>\n","protected":false},"author":1,"featured_media":0,"comment_status":"open","ping_status":"open","sticky":false,"template":"","format":"standard","meta":{"footnotes":""},"categories":[5789,5782,405],"tags":[505,2859,6077,6073,4398,6074,6075,398,237,6076],"class_list":["post-33823","post","type-post","status-publish","format-standard","hentry","category-ludzie","category-martyrologie","category-the-best-of-this-old-mundp-page","tag-adam-mickiewicz","tag-antysemityzm","tag-juliusz-slowacki","tag-maria-janion","tag-polacy","tag-romantyzm","tag-szum","tag-xix-wiek","tag-zydzi","tag-zygmunt-krasinski"],"_links":{"self":[{"href":"https:\/\/ooops.pl\/index.php?rest_route=\/wp\/v2\/posts\/33823","targetHints":{"allow":["GET"]}}],"collection":[{"href":"https:\/\/ooops.pl\/index.php?rest_route=\/wp\/v2\/posts"}],"about":[{"href":"https:\/\/ooops.pl\/index.php?rest_route=\/wp\/v2\/types\/post"}],"author":[{"embeddable":true,"href":"https:\/\/ooops.pl\/index.php?rest_route=\/wp\/v2\/users\/1"}],"replies":[{"embeddable":true,"href":"https:\/\/ooops.pl\/index.php?rest_route=%2Fwp%2Fv2%2Fcomments&post=33823"}],"version-history":[{"count":1,"href":"https:\/\/ooops.pl\/index.php?rest_route=\/wp\/v2\/posts\/33823\/revisions"}],"predecessor-version":[{"id":33824,"href":"https:\/\/ooops.pl\/index.php?rest_route=\/wp\/v2\/posts\/33823\/revisions\/33824"}],"wp:attachment":[{"href":"https:\/\/ooops.pl\/index.php?rest_route=%2Fwp%2Fv2%2Fmedia&parent=33823"}],"wp:term":[{"taxonomy":"category","embeddable":true,"href":"https:\/\/ooops.pl\/index.php?rest_route=%2Fwp%2Fv2%2Fcategories&post=33823"},{"taxonomy":"post_tag","embeddable":true,"href":"https:\/\/ooops.pl\/index.php?rest_route=%2Fwp%2Fv2%2Ftags&post=33823"}],"curies":[{"name":"wp","href":"https:\/\/api.w.org\/{rel}","templated":true}]}}