{"id":33025,"date":"2017-11-05T09:43:54","date_gmt":"2017-11-05T08:43:54","guid":{"rendered":"https:\/\/ooops.pl\/?p=33025"},"modified":"2017-11-05T09:49:53","modified_gmt":"2017-11-05T08:49:53","slug":"prawo-z-kolebki-wolnosc-w-zawiasach","status":"publish","type":"post","link":"https:\/\/ooops.pl\/?p=33025","title":{"rendered":"Prawo z \u201eKolebki\u201d, wolno\u015b\u0107 w Zawiasach."},"content":{"rendered":"<blockquote><p>\u017b\u0105dania oskar\u017conych obejmowa\u0142y ok. 30 proc. powierzchni Katowic (\u2026).<br \/>\nPodejrzani zostali zatrzymani w lutym 2010 r. przez funkcjonariuszy ABW. Nie trafili wtedy do aresztu i odpowiadali z wolnej stopy. Nie przyznawali si\u0119 do przest\u0119pstwa, wyra\u017caj\u0105c przekonanie, i\u017c dzia\u0142ali w pe\u0142ni legalnie, w granicach przys\u0142uguj\u0105cego im prawa.<br \/>\nW czerwcu 2016 r. S\u0105d Okr\u0119gowy w Warszawie uzna\u0142 win\u0119 oskar\u017conych, kt\u00f3rym grozi\u0142o do 10 lat wi\u0119zienia. Marka N., Paw\u0142a R. i Leszka P. skazano na kary po 5 lat wi\u0119zienia (\u2026). Prokuratur wnosi\u0142 o kary w zawieszeniu, ale s\u0105d uzna\u0142, \u017ce takie wyroki k\u0142\u00f3ci\u0142yby si\u0119 \u201ew oczywisty i ra\u017c\u0105cy spos\u00f3b z elementarn\u0105 sprawiedliwo\u015bci\u0105\u201d.<br \/>\n(\u2026)<\/p><\/blockquote>\n<p>a teraz Grand Finale:<\/p>\n<blockquote><p>W ubieg\u0142ym roku S\u0105d Okr\u0119gowy w Warszawie skaza\u0142 pods\u0105dnych na kary od 5 do 3,5 lat wi\u0119zienia bez zawieszenia i na grzywny od 540 tys. do 300 tys. z\u0142. Uwzgl\u0119dniaj\u0105c cz\u0119\u015bciowo apelacje obrony, S\u0105d Apelacyjny obni\u017cy\u0142 teraz kary trzem pods\u0105dnym \u2013 z 5 lat do 2, a dw\u00f3m \u2013 z 3,5 roku do 1,5 roku. Jednocze\u015bnie <strong>zawiesi\u0142 ich wykonanie na 5 lat<\/strong>.<\/p><\/blockquote>\n<p>i mo\u017ce jeszcze to:<\/p>\n<blockquote><p>\u2026bo \u2013 jako <strong>wykszta\u0142ceni ekonomi\u015bci plus prawnik<\/strong> \u2013 mieli \u015bwiadomo\u015b\u0107, i\u017c samo posiadanie akcji nie rodzi uprawnie\u0144, jakie maj\u0105 rzeczywi\u015bci akcjonariusze.<\/p><\/blockquote>\n<p>\u201e<a href=\"https:\/\/businessinsider.com.pl\/wiadomosci\/przedwojenna-spolka-giesche-wyrok-sadu-apelacyjnego-w-warszawie\/qmv320k\"><strong>Chcieli przej\u0105\u0107 30 proc. powierzchni Katowic. Fina\u0142 g\u0142o\u015bnej sprawy<\/strong><\/a>\u201d<br \/>\n\u2026<\/p>\n<blockquote><p>\u2013 Wyrok <a href=\"http:\/\/katowice.wyborcza.pl\/katowice\/7,35063,22594590,tomasz-pietrzykowski-o-spolce-giesche-to-final-slaskiej-afery.html\"><strong>nie jest satysfakcjonuj\u0105cy<\/strong><\/a> (\u2026) \u2013 m\u00f3wi prof. Tomasz Pietrzykowski, by\u0142y wojewoda \u015bl\u0105ski.<\/p><\/blockquote>\n<p>Ale: nie ma sprawy.<br \/>\n(\u2026bo odwo\u0142a\u0107 si\u0119 mo\u017cna tylko do Re\u017cymu: no dyktatury znaczy, co na to bruxella\u2026? No i Sprawiedliwo\u015b\u0107, Demokracja und Prawo. no, nie mo\u017cna: bro\u0144my Wolno\u015bci, dalej na Marsze Misie &#038; Zaj\u0105czki.)<br \/>\nmr m.<\/p>\n","protected":false},"excerpt":{"rendered":"<p>\u017b\u0105dania oskar\u017conych obejmowa\u0142y ok. 30 proc. powierzchni Katowic (\u2026). Podejrzani zostali zatrzymani w lutym 2010 r. przez funkcjonariuszy ABW. Nie trafili wtedy do aresztu i odpowiadali z wolnej stopy. Nie przyznawali si\u0119 do przest\u0119pstwa, wyra\u017caj\u0105c przekonanie, i\u017c dzia\u0142ali w pe\u0142ni legalnie, w granicach przys\u0142uguj\u0105cego im prawa. W czerwcu 2016 r. S\u0105d Okr\u0119gowy w Warszawie uzna\u0142 [&hellip;]<\/p>\n","protected":false},"author":1,"featured_media":0,"comment_status":"open","ping_status":"open","sticky":false,"template":"","format":"standard","meta":{"footnotes":""},"categories":[2134],"tags":[2789,3189,5708,167,31,1132,5714,1388,5715,4367,5710,305,5687,5711,5709,5712,5713],"class_list":["post-33025","post","type-post","status-publish","format-standard","hentry","category-sztuka-miesa","tag-budyn","tag-bufet","tag-giszowiec","tag-iii-rp","tag-katowice","tag-kolebka","tag-marek-n","tag-mis","tag-nikiszowiec","tag-osmiorniczki","tag-papugi","tag-prawo","tag-reprywatyzacja","tag-silesian-american-corporation","tag-spolka-giesche","tag-wegiel","tag-wyngiel-we-wsi"],"_links":{"self":[{"href":"https:\/\/ooops.pl\/index.php?rest_route=\/wp\/v2\/posts\/33025","targetHints":{"allow":["GET"]}}],"collection":[{"href":"https:\/\/ooops.pl\/index.php?rest_route=\/wp\/v2\/posts"}],"about":[{"href":"https:\/\/ooops.pl\/index.php?rest_route=\/wp\/v2\/types\/post"}],"author":[{"embeddable":true,"href":"https:\/\/ooops.pl\/index.php?rest_route=\/wp\/v2\/users\/1"}],"replies":[{"embeddable":true,"href":"https:\/\/ooops.pl\/index.php?rest_route=%2Fwp%2Fv2%2Fcomments&post=33025"}],"version-history":[{"count":5,"href":"https:\/\/ooops.pl\/index.php?rest_route=\/wp\/v2\/posts\/33025\/revisions"}],"predecessor-version":[{"id":33027,"href":"https:\/\/ooops.pl\/index.php?rest_route=\/wp\/v2\/posts\/33025\/revisions\/33027"}],"wp:attachment":[{"href":"https:\/\/ooops.pl\/index.php?rest_route=%2Fwp%2Fv2%2Fmedia&parent=33025"}],"wp:term":[{"taxonomy":"category","embeddable":true,"href":"https:\/\/ooops.pl\/index.php?rest_route=%2Fwp%2Fv2%2Fcategories&post=33025"},{"taxonomy":"post_tag","embeddable":true,"href":"https:\/\/ooops.pl\/index.php?rest_route=%2Fwp%2Fv2%2Ftags&post=33025"}],"curies":[{"name":"wp","href":"https:\/\/api.w.org\/{rel}","templated":true}]}}