{"id":33000,"date":"2017-11-03T08:40:26","date_gmt":"2017-11-03T07:40:26","guid":{"rendered":"https:\/\/ooops.pl\/?p=33000"},"modified":"2017-11-03T08:40:26","modified_gmt":"2017-11-03T07:40:26","slug":"lewacki-glos-w-twej-przegladarce-2","status":"publish","type":"post","link":"https:\/\/ooops.pl\/?p=33000","title":{"rendered":"Lewacki g\u0142os w Twej przegl\u0105darce."},"content":{"rendered":"<blockquote><p>Rdzenia elektoratu PO w stolicy \u2013 klasy \u015bredniej sp\u0142acaj\u0105cej wielkim wysi\u0142kiem kredyty hipoteczne \u2013 sprawy reprywatyzacyjno-lokatorskie mog\u0105 nie oburza\u0107, a\u017c tak bardzo, by by\u0142y decyduj\u0105cym czynnikiem przy g\u0142osowaniu za rok. Pami\u0119tajmy, \u017ce afera reprywatyzacyjna rozszala\u0142a si\u0119 <a href=\"http:\/\/krytykapolityczna.pl\/kraj\/trzaskowski-to-kandydat-nie-na-te-czasy\/\"><strong>nie po \u015bmierci Jolanty Brzeskiej, ale po ujawnieniu sprawy w\u0105tpliwego zwrotu wartej miliony dzia\u0142ki pod Pa\u0142acem Kultury<\/strong><\/a>.<\/p><\/blockquote>\n","protected":false},"excerpt":{"rendered":"<p>Rdzenia elektoratu PO w stolicy \u2013 klasy \u015bredniej sp\u0142acaj\u0105cej wielkim wysi\u0142kiem kredyty hipoteczne \u2013 sprawy reprywatyzacyjno-lokatorskie mog\u0105 nie oburza\u0107, a\u017c tak bardzo, by by\u0142y decyduj\u0105cym czynnikiem przy g\u0142osowaniu za rok. Pami\u0119tajmy, \u017ce afera reprywatyzacyjna rozszala\u0142a si\u0119 nie po \u015bmierci Jolanty Brzeskiej, ale po ujawnieniu sprawy w\u0105tpliwego zwrotu wartej miliony dzia\u0142ki pod Pa\u0142acem Kultury.<\/p>\n","protected":false},"author":1,"featured_media":0,"comment_status":"open","ping_status":"open","sticky":false,"template":"","format":"standard","meta":{"footnotes":""},"categories":[2134],"tags":[624,3189,2772,862,971,5686,5031,1389,4367,5687,1747,5688,4482,5310],"class_list":["post-33000","post","type-post","status-publish","format-standard","hentry","category-sztuka-miesa","tag-bolek-lolek-i-balbina","tag-bufet","tag-dekret-bieruta","tag-gaska-balbinka","tag-jacek-i-placek","tag-miasteczko-wilanow","tag-mielone-i-bajaderki","tag-mis-z-okienka","tag-osmiorniczki","tag-reprywatyzacja","tag-salony","tag-walka-klas","tag-warszawa","tag-zlota-klatka"],"_links":{"self":[{"href":"https:\/\/ooops.pl\/index.php?rest_route=\/wp\/v2\/posts\/33000","targetHints":{"allow":["GET"]}}],"collection":[{"href":"https:\/\/ooops.pl\/index.php?rest_route=\/wp\/v2\/posts"}],"about":[{"href":"https:\/\/ooops.pl\/index.php?rest_route=\/wp\/v2\/types\/post"}],"author":[{"embeddable":true,"href":"https:\/\/ooops.pl\/index.php?rest_route=\/wp\/v2\/users\/1"}],"replies":[{"embeddable":true,"href":"https:\/\/ooops.pl\/index.php?rest_route=%2Fwp%2Fv2%2Fcomments&post=33000"}],"version-history":[{"count":1,"href":"https:\/\/ooops.pl\/index.php?rest_route=\/wp\/v2\/posts\/33000\/revisions"}],"predecessor-version":[{"id":33001,"href":"https:\/\/ooops.pl\/index.php?rest_route=\/wp\/v2\/posts\/33000\/revisions\/33001"}],"wp:attachment":[{"href":"https:\/\/ooops.pl\/index.php?rest_route=%2Fwp%2Fv2%2Fmedia&parent=33000"}],"wp:term":[{"taxonomy":"category","embeddable":true,"href":"https:\/\/ooops.pl\/index.php?rest_route=%2Fwp%2Fv2%2Fcategories&post=33000"},{"taxonomy":"post_tag","embeddable":true,"href":"https:\/\/ooops.pl\/index.php?rest_route=%2Fwp%2Fv2%2Ftags&post=33000"}],"curies":[{"name":"wp","href":"https:\/\/api.w.org\/{rel}","templated":true}]}}