{"id":32969,"date":"2017-10-29T09:28:47","date_gmt":"2017-10-29T08:28:47","guid":{"rendered":"https:\/\/ooops.pl\/?p=32969"},"modified":"2017-10-29T09:56:05","modified_gmt":"2017-10-29T08:56:05","slug":"nie-nie-to-alpy-francuskie-jestesmy-przeciez-europejczykami","status":"publish","type":"post","link":"https:\/\/ooops.pl\/?p=32969","title":{"rendered":"nie, nie: to Alpy francuskie: jeste\u015bmy przecie\u017c Europejczykami."},"content":{"rendered":"<p>(<a href=\"https:\/\/pracownia52.pl\/www\/?page_id=2401\"><strong>chwilowo<\/strong><\/a> oczywi.)<br \/>\ni dobranoc<br \/>\nmr m.<br \/>\n<!--more--><br \/>\n\u2026<br \/>\nps.<br \/>\nu-Aktualnienie:<br \/>\nnacjonalizm wyst\u0119puje (oczywi.) jedynie w Katalonii, to jasne. i zwalcza Demokracj\u0119 (to jasne te\u017c).<\/p>\n<blockquote><p>\u201cWe must do so resisting repression and threats, without ever abandoning, at any time, civic and peaceful conduct,\u201d he insisted.<\/p>\n<p>\u201cLet us continue to persevere without violence, without insults and with respect for all the [ideological] symbols,\u201d he added. He also appealed for civic respect for any demonstrations, <a href=\"http:\/\/www.independent.co.uk\/news\/world\/europe\/catalan-la-festa-catalana-juan-gomez-barcelona-spain-a8024776.html\"><strong>regardless of whether they were in favour of or against Catalan independence<\/strong><\/a>.<\/p><\/blockquote>\n","protected":false},"excerpt":{"rendered":"<p>(chwilowo oczywi.) i dobranoc mr m.<\/p>\n","protected":false},"author":1,"featured_media":32970,"comment_status":"open","ping_status":"open","sticky":false,"template":"","format":"standard","meta":{"footnotes":""},"categories":[3039],"tags":[5677,5679,1226,5678],"class_list":["post-32969","post","type-post","status-publish","format-standard","has-post-thumbnail","hentry","category-mielone-z-barszczem","tag-alpy","tag-fotografia-analogowa","tag-lata-90","tag-patriotyczne"],"_links":{"self":[{"href":"https:\/\/ooops.pl\/index.php?rest_route=\/wp\/v2\/posts\/32969","targetHints":{"allow":["GET"]}}],"collection":[{"href":"https:\/\/ooops.pl\/index.php?rest_route=\/wp\/v2\/posts"}],"about":[{"href":"https:\/\/ooops.pl\/index.php?rest_route=\/wp\/v2\/types\/post"}],"author":[{"embeddable":true,"href":"https:\/\/ooops.pl\/index.php?rest_route=\/wp\/v2\/users\/1"}],"replies":[{"embeddable":true,"href":"https:\/\/ooops.pl\/index.php?rest_route=%2Fwp%2Fv2%2Fcomments&post=32969"}],"version-history":[{"count":3,"href":"https:\/\/ooops.pl\/index.php?rest_route=\/wp\/v2\/posts\/32969\/revisions"}],"predecessor-version":[{"id":32973,"href":"https:\/\/ooops.pl\/index.php?rest_route=\/wp\/v2\/posts\/32969\/revisions\/32973"}],"wp:featuredmedia":[{"embeddable":true,"href":"https:\/\/ooops.pl\/index.php?rest_route=\/wp\/v2\/media\/32970"}],"wp:attachment":[{"href":"https:\/\/ooops.pl\/index.php?rest_route=%2Fwp%2Fv2%2Fmedia&parent=32969"}],"wp:term":[{"taxonomy":"category","embeddable":true,"href":"https:\/\/ooops.pl\/index.php?rest_route=%2Fwp%2Fv2%2Fcategories&post=32969"},{"taxonomy":"post_tag","embeddable":true,"href":"https:\/\/ooops.pl\/index.php?rest_route=%2Fwp%2Fv2%2Ftags&post=32969"}],"curies":[{"name":"wp","href":"https:\/\/api.w.org\/{rel}","templated":true}]}}