{"id":32951,"date":"2017-10-27T05:59:16","date_gmt":"2017-10-27T03:59:16","guid":{"rendered":"https:\/\/ooops.pl\/?p=32951"},"modified":"2017-10-26T20:28:00","modified_gmt":"2017-10-26T18:28:00","slug":"tam-w-tej-czarnej-dziurze-stal-dwor-schopenhauerow","status":"publish","type":"post","link":"https:\/\/ooops.pl\/?p=32951","title":{"rendered":"tam, w tej czarnej dziurze sta\u0142 dw\u00f3r Schopenhauer\u00f3w."},"content":{"rendered":"<p>\u2026niestety <a href=\"https:\/\/pl.wikipedia.org\/wiki\/III_Dw\u00f3r\"><strong>zburzony po 1945 roku<\/strong><\/a> (wbrew temu, co <a href=\"http:\/\/www.gdansk.pl\/wiadomosci\/Slady-po-filozofie-Schopenhauer-i-jego-gdanskie-dziecinstwo,a,49448\">pisz\u0105<\/a> niekiedy Optymi\u015bci\u2026), zosta\u0142o tylko <a href=\"http:\/\/www.zakladpoprawczygdansk.pl\"><strong>Schronisko dla Niedobrej M\u0142odzie\u017cy<\/strong><\/a> (to <a href=\"https:\/\/pl.wikipedia.org\/wiki\/III_Dw\u00f3r#\/media\/File:III_Hof.JPG\"><strong>III Dw\u00f3r<\/strong><\/a> przy ul. Polanki, nr 122).<\/p>\n<blockquote><p>Budynek p\u00f3\u0142nocny z XVIII w. po 1945 r. zosta\u0142 wyburzony do parteru i odbudowany w latach 80. Natomiast budynek po\u0142udniowy z XIX w. ok. 1990 r. <a href=\"http:\/\/pomorskie.dipp.info.pl\/baza-dipp\/item\/129-gmina-gdansk\/279-dwor-schopenhauerow-iii-w-gdansku-ul-polanki\"><strong>zosta\u0142 poddany rozbi\u00f3rce<\/strong><\/a>. Pozosta\u0142e budynki do 2010 r. pe\u0142ni\u0142y funkcje Schroniska dla Nieletnich. Nieco wy\u017cej za\u015b urz\u0105dzono Schronisko dla Ptak\u00f3w Chronionych. Schronisko zosta\u0142o zniesione zarz\u0105dzeniem Ministra Sprawiedliwo\u015bci i utowrzono tu zak\u0142ad poprawczy.<\/p><\/blockquote>\n<p>Chichot, tak. Plus ptak\u00f3w chronionych.<br \/>\n\u2026<br \/>\na o (ledwo widocznej na zdj\u0119ciu: to to Czarne w tle) <a href=\"https:\/\/ooops.pl\/?p=30700\"><strong>G\u00f3rze Dantyszka<\/strong><\/a> ju\u017c tu wspominali\u015bmy,  oraz <a href=\"http:\/\/przedmioty.com\/?p=1790\"><strong>gdzie indziej<\/strong><\/a>.<br \/>\nmr m.<br \/>\n\n\t\t<style type=\"text\/css\">\n\t\t\t#gallery-1 {\n\t\t\t\tmargin: auto;\n\t\t\t}\n\t\t\t#gallery-1 .gallery-item {\n\t\t\t\tfloat: left;\n\t\t\t\tmargin-top: 10px;\n\t\t\t\ttext-align: center;\n\t\t\t\twidth: 33%;\n\t\t\t}\n\t\t\t#gallery-1 img {\n\t\t\t\tborder: 2px solid #cfcfcf;\n\t\t\t}\n\t\t\t#gallery-1 .gallery-caption {\n\t\t\t\tmargin-left: 0;\n\t\t\t}\n\t\t\t\/* see gallery_shortcode() in wp-includes\/media.php *\/\n\t\t<\/style>\n\t\t<div id='gallery-1' class='gallery galleryid-32951 gallery-columns-3 gallery-size-full'><dl class='gallery-item'>\n\t\t\t<dt class='gallery-icon landscape'>\n\t\t\t\t<img loading=\"lazy\" decoding=\"async\" width=\"1200\" height=\"900\" src=\"https:\/\/ooops.pl\/wp-content\/uploads\/2016\/09\/grota-schopenhauera-oliwa-wrzesien-2016.jpg\" class=\"attachment-full size-full\" alt=\"\" srcset=\"https:\/\/ooops.pl\/wp-content\/uploads\/2016\/09\/grota-schopenhauera-oliwa-wrzesien-2016.jpg 1200w, https:\/\/ooops.pl\/wp-content\/uploads\/2016\/09\/grota-schopenhauera-oliwa-wrzesien-2016-300x225.jpg 300w, https:\/\/ooops.pl\/wp-content\/uploads\/2016\/09\/grota-schopenhauera-oliwa-wrzesien-2016-768x576.jpg 768w, https:\/\/ooops.pl\/wp-content\/uploads\/2016\/09\/grota-schopenhauera-oliwa-wrzesien-2016-1024x768.jpg 1024w, https:\/\/ooops.pl\/wp-content\/uploads\/2016\/09\/grota-schopenhauera-oliwa-wrzesien-2016-520x390.jpg 520w, https:\/\/ooops.pl\/wp-content\/uploads\/2016\/09\/grota-schopenhauera-oliwa-wrzesien-2016-740x555.jpg 740w, https:\/\/ooops.pl\/wp-content\/uploads\/2016\/09\/grota-schopenhauera-oliwa-wrzesien-2016-624x468.jpg 624w\" sizes=\"auto, (max-width: 1200px) 100vw, 1200px\" \/>\n\t\t\t<\/dt><\/dl><dl class='gallery-item'>\n\t\t\t<dt class='gallery-icon landscape'>\n\t\t\t\t<img loading=\"lazy\" decoding=\"async\" width=\"650\" height=\"536\" src=\"https:\/\/ooops.pl\/wp-content\/uploads\/2012\/02\/schopenhauer_die_welt_als_wille_und_vorstellung_1819.jpg\" class=\"attachment-full size-full\" alt=\"\" srcset=\"https:\/\/ooops.pl\/wp-content\/uploads\/2012\/02\/schopenhauer_die_welt_als_wille_und_vorstellung_1819.jpg 650w, https:\/\/ooops.pl\/wp-content\/uploads\/2012\/02\/schopenhauer_die_welt_als_wille_und_vorstellung_1819-300x247.jpg 300w, https:\/\/ooops.pl\/wp-content\/uploads\/2012\/02\/schopenhauer_die_welt_als_wille_und_vorstellung_1819-520x429.jpg 520w, https:\/\/ooops.pl\/wp-content\/uploads\/2012\/02\/schopenhauer_die_welt_als_wille_und_vorstellung_1819-624x515.jpg 624w\" sizes=\"auto, (max-width: 650px) 100vw, 650px\" \/>\n\t\t\t<\/dt><\/dl><dl class='gallery-item'>\n\t\t\t<dt class='gallery-icon landscape'>\n\t\t\t\t<img loading=\"lazy\" decoding=\"async\" width=\"800\" height=\"600\" src=\"https:\/\/ooops.pl\/wp-content\/uploads\/2014\/03\/grota-schopenhauera-oliwa.jpg\" class=\"attachment-full size-full\" alt=\"\" srcset=\"https:\/\/ooops.pl\/wp-content\/uploads\/2014\/03\/grota-schopenhauera-oliwa.jpg 800w, https:\/\/ooops.pl\/wp-content\/uploads\/2014\/03\/grota-schopenhauera-oliwa-300x225.jpg 300w, https:\/\/ooops.pl\/wp-content\/uploads\/2014\/03\/grota-schopenhauera-oliwa-768x576.jpg 768w, https:\/\/ooops.pl\/wp-content\/uploads\/2014\/03\/grota-schopenhauera-oliwa-520x390.jpg 520w, https:\/\/ooops.pl\/wp-content\/uploads\/2014\/03\/grota-schopenhauera-oliwa-740x555.jpg 740w, https:\/\/ooops.pl\/wp-content\/uploads\/2014\/03\/grota-schopenhauera-oliwa-624x468.jpg 624w\" sizes=\"auto, (max-width: 800px) 100vw, 800px\" \/>\n\t\t\t<\/dt><\/dl><br style=\"clear: both\" \/>\n\t\t<\/div>\n<br \/>\n<!--more--><br \/>\n\u2026<br \/>\nps.<br \/>\na dodatkowo:<\/p>\n<blockquote><p>We wtorkowym spotkaniu wzi\u0119li udzia\u0142 m.in.: kupcy ze Stowarzyszenia \u201ePolanki\u201d, organizator Pchlego Targu, przedstawiciele Piniaty oraz w\u0142a\u015bciciele sklepu \u201eInaczej ni\u017c w raju\u201d czy miejscowego lumpeksu.<\/p><\/blockquote>\n<p>\u201e<a href=\"http:\/\/www.staraoliwa.pl\/aktualnosci\/item\/3522-zapyziala-ul-schopenhauera-szuka-pomyslu-na-siebie.html\"><\/a><strong>Zapyzia\u0142a ul. Schopenhauera szuka pomys\u0142u na siebie<\/strong>\u201d<br \/>\n(reporta\u017c z ulicy  nadany zostanie w term. p\u00f3\u017aniejszym.)<br \/>\nm.<\/p>\n","protected":false},"excerpt":{"rendered":"<p>\u2026niestety zburzony po 1945 roku (wbrew temu, co pisz\u0105 niekiedy Optymi\u015bci\u2026), zosta\u0142o tylko Schronisko dla Niedobrej M\u0142odzie\u017cy (to III Dw\u00f3r przy ul. Polanki, nr 122). Budynek p\u00f3\u0142nocny z XVIII w. po 1945 r. zosta\u0142 wyburzony do parteru i odbudowany w latach 80. Natomiast budynek po\u0142udniowy z XIX w. ok. 1990 r. zosta\u0142 poddany rozbi\u00f3rce. Pozosta\u0142e [&hellip;]<\/p>\n","protected":false},"author":1,"featured_media":32952,"comment_status":"open","ping_status":"open","sticky":false,"template":"","format":"standard","meta":{"footnotes":""},"categories":[405],"tags":[4493,547,5673,2617,5596],"class_list":["post-32951","post","type-post","status-publish","format-standard","has-post-thumbnail","hentry","category-the-best-of-this-old-mundp-page","tag-3miasto","tag-artur-schopenhauer","tag-iii-dwor","tag-oliwa","tag-polanki"],"_links":{"self":[{"href":"https:\/\/ooops.pl\/index.php?rest_route=\/wp\/v2\/posts\/32951","targetHints":{"allow":["GET"]}}],"collection":[{"href":"https:\/\/ooops.pl\/index.php?rest_route=\/wp\/v2\/posts"}],"about":[{"href":"https:\/\/ooops.pl\/index.php?rest_route=\/wp\/v2\/types\/post"}],"author":[{"embeddable":true,"href":"https:\/\/ooops.pl\/index.php?rest_route=\/wp\/v2\/users\/1"}],"replies":[{"embeddable":true,"href":"https:\/\/ooops.pl\/index.php?rest_route=%2Fwp%2Fv2%2Fcomments&post=32951"}],"version-history":[{"count":9,"href":"https:\/\/ooops.pl\/index.php?rest_route=\/wp\/v2\/posts\/32951\/revisions"}],"predecessor-version":[{"id":32961,"href":"https:\/\/ooops.pl\/index.php?rest_route=\/wp\/v2\/posts\/32951\/revisions\/32961"}],"wp:featuredmedia":[{"embeddable":true,"href":"https:\/\/ooops.pl\/index.php?rest_route=\/wp\/v2\/media\/32952"}],"wp:attachment":[{"href":"https:\/\/ooops.pl\/index.php?rest_route=%2Fwp%2Fv2%2Fmedia&parent=32951"}],"wp:term":[{"taxonomy":"category","embeddable":true,"href":"https:\/\/ooops.pl\/index.php?rest_route=%2Fwp%2Fv2%2Fcategories&post=32951"},{"taxonomy":"post_tag","embeddable":true,"href":"https:\/\/ooops.pl\/index.php?rest_route=%2Fwp%2Fv2%2Ftags&post=32951"}],"curies":[{"name":"wp","href":"https:\/\/api.w.org\/{rel}","templated":true}]}}