{"id":32712,"date":"2017-10-03T09:14:57","date_gmt":"2017-10-03T07:14:57","guid":{"rendered":"https:\/\/ooops.pl\/?p=32712"},"modified":"2017-10-03T10:31:05","modified_gmt":"2017-10-03T08:31:05","slug":"do-kolekcji-cytatow-polskajestnajgorsza","status":"publish","type":"post","link":"https:\/\/ooops.pl\/?p=32712","title":{"rendered":"do kolekcji Cytat\u00f3w: #polskajestnajgorsza"},"content":{"rendered":"<ol><em>Dzia\u0142ania w\u0142adz Katalonii mia\u0142y elementy <\/em><\/p>\n<blockquote><p><em>zamachu stanu<\/em><\/p><\/blockquote>\n<p><em>i przypomina\u0142y <\/em><\/p>\n<blockquote><p><em>\u0142amanie praworz\u0105dno\u015bci w Polsce.<\/em><\/p><\/blockquote>\n<p><em>Dlatego Madryt zareagowa\u0142 tak ostro<\/em> \u2013 m\u00f3wi w rozmowie z WP Francisco de Borja Lasheras, ekspert Europejskiej Rady Spraw Zagranicznych (ECFR) w Madrycie.<\/ol>\n<p>\u201e<a href=\"https:\/\/wiadomosci.wp.pl\/borja-lasheras-katalonskie-referendum-mialo-znamiona-zamachu-stanu-bedzie-tylko-gorzej-6172458752108161a\"><strong>Borja Lasheras: Katalo\u0144skie referendum mia\u0142o znamiona zamachu stanu. B\u0119dzie tylko gorzej<\/strong><\/a>\u201d<br \/>\nps.<\/p>\n<ol><em>Chodzi\u0142o o to, by postawi\u0107 pa\u0144stwo hiszpa\u0144skie pod \u015bcian\u0105 i wyprodukowa\u0107 w\u0142a\u015bnie takie obrazki, jakie widzieli\u015bmy.<\/em><br \/>\n(\u2026)<br \/>\n<em>Niedzielne obrazki\u2026<\/em><\/ol>\n<p><a href=\"http:\/\/www.ecfr.eu\/profile\/C258\"><\/a><strong>Francisco de Borja Lasheras<\/strong>, head.<br \/>\n\u2026<br \/>\nps. ps.<br \/>\ni bez zwi\u0105zku.<\/p>\n<ol><strong><em>Obywatelu: pom\u00f3\u017c milicji, spa\u0142uj si\u0119 sam!<\/em><\/strong><\/ol>\n<p>(stare, z lat 80.)<br \/>\ndobranoc Pa\u0144stwu.<br \/>\nmr m.<br \/>\n\u2026<br \/>\nu-aktualnienie:<br \/>\ni czasem to si\u0119 nam, Gupim, trudno w tym zorientowa\u0107; a bo w EU (ropie) m\u00f3wi\u0105, \u017ce Katalo\u0144czycy = to Piz; a Piz m\u00f3wi, \u017ce to \u015al\u0105zacy = s\u0105 Katalo\u0144czycy\u2026 (znaczy: Piz jak Madryt, wychodzi\u2026)<br \/>\nza trudne dla Nas.<br \/>\nm.<\/p>\n<blockquote><p>Minister \u201eB\u0142azen\u201d B\u0142aszczak postraszy\u0142 ciemny lud naszym stowarzyszeniem. Poczuli\u015bmy si\u0119 docenieni.<\/p><\/blockquote>\n<p>\u201e<a href=\"http:\/\/www.dziennikzachodni.pl\/polska-i-swiat\/a\/mariusz-blaszczak-ostrzega-przed-ras-w-polsce-jest-stowarzyszenie-ktore-ma-autonomie-w-nazwie,12539200\/\"><strong>Mariusz B\u0142aszczak ostrzega przed RA\u015a: W Polsce jest stowarzyszenie, kt\u00f3re ma autonomi\u0119 w nazwie<\/strong><\/a>\u201d<br \/>\n(za: <a href=\"https:\/\/www.facebook.com\/ruch.autonomii.slaska\/posts\/10154773408386533\"><strong>RA\u015a<\/strong><\/a>)<\/p>\n","protected":false},"excerpt":{"rendered":"<p>Dzia\u0142ania w\u0142adz Katalonii mia\u0142y elementy zamachu stanu i przypomina\u0142y \u0142amanie praworz\u0105dno\u015bci w Polsce. Dlatego Madryt zareagowa\u0142 tak ostro \u2013 m\u00f3wi w rozmowie z WP Francisco de Borja Lasheras, ekspert Europejskiej Rady Spraw Zagranicznych (ECFR) w Madrycie. \u201eBorja Lasheras: Katalo\u0144skie referendum mia\u0142o znamiona zamachu stanu. B\u0119dzie tylko gorzej\u201d ps. Chodzi\u0142o o to, by postawi\u0107 pa\u0144stwo hiszpa\u0144skie [&hellip;]<\/p>\n","protected":false},"author":1,"featured_media":0,"comment_status":"open","ping_status":"open","sticky":false,"template":"","format":"standard","meta":{"footnotes":""},"categories":[2128],"tags":[5598,5597,5561,90,5602,5601,142,183,3254,1677,1692,1695,5603,5574,5565,2104],"class_list":["post-32712","post","type-post","status-publish","format-standard","hentry","category-politikparano","tag-madrzysluchajaguardiana","tag-catalonia","tag-catalunya","tag-centralizm-demokratyczny","tag-ein-reich","tag-ein-volk","tag-george-orwell","tag-jezyk-2","tag-noam-chomsky","tag-ptasie-radio","tag-radio-erewan","tag-radio-wolna-europa","tag-ras","tag-tuba-rezymu","tag-w-holdzie-katalonii","tag-zomo"],"_links":{"self":[{"href":"https:\/\/ooops.pl\/index.php?rest_route=\/wp\/v2\/posts\/32712","targetHints":{"allow":["GET"]}}],"collection":[{"href":"https:\/\/ooops.pl\/index.php?rest_route=\/wp\/v2\/posts"}],"about":[{"href":"https:\/\/ooops.pl\/index.php?rest_route=\/wp\/v2\/types\/post"}],"author":[{"embeddable":true,"href":"https:\/\/ooops.pl\/index.php?rest_route=\/wp\/v2\/users\/1"}],"replies":[{"embeddable":true,"href":"https:\/\/ooops.pl\/index.php?rest_route=%2Fwp%2Fv2%2Fcomments&post=32712"}],"version-history":[{"count":6,"href":"https:\/\/ooops.pl\/index.php?rest_route=\/wp\/v2\/posts\/32712\/revisions"}],"predecessor-version":[{"id":32715,"href":"https:\/\/ooops.pl\/index.php?rest_route=\/wp\/v2\/posts\/32712\/revisions\/32715"}],"wp:attachment":[{"href":"https:\/\/ooops.pl\/index.php?rest_route=%2Fwp%2Fv2%2Fmedia&parent=32712"}],"wp:term":[{"taxonomy":"category","embeddable":true,"href":"https:\/\/ooops.pl\/index.php?rest_route=%2Fwp%2Fv2%2Fcategories&post=32712"},{"taxonomy":"post_tag","embeddable":true,"href":"https:\/\/ooops.pl\/index.php?rest_route=%2Fwp%2Fv2%2Ftags&post=32712"}],"curies":[{"name":"wp","href":"https:\/\/api.w.org\/{rel}","templated":true}]}}