{"id":32484,"date":"2017-09-16T06:17:16","date_gmt":"2017-09-16T04:17:16","guid":{"rendered":"https:\/\/ooops.pl\/?p=32484"},"modified":"2017-09-15T16:27:07","modified_gmt":"2017-09-15T14:27:07","slug":"zaczely-sie-bratnie-sojusznicze-manewry-zapad-2017","status":"publish","type":"post","link":"https:\/\/ooops.pl\/?p=32484","title":{"rendered":"Zacz\u0119\u0142y si\u0119 bratnie, sojusznicze manewry \u201eZapad-2017\u201d"},"content":{"rendered":"<blockquote><p><a href=\"http:\/\/grial4.usal.es\/MIH\/propagandaSecondWW\/resource2.html\"><strong>Plakat<\/strong><\/a> istnia\u0142 tak\u017ce w wersji francuskiej \u201eC&#8217;est l&#8217;Anglais qui nous a fait \u00e7a!&#8221; Autorem wersji francuskiej (i najprawdopodobniej r\u00f3wnie\u017c polskiej) by\u0142 Theo Matejko (1893-1946), b\u0119d\u0105cy jednym z wybitnych propagandzist\u00f3w na s\u0142u\u017cbie III Rzeszy.<\/p><\/blockquote>\n<p><a href=\"http:\/\/parismuseescollections.paris.fr\/fr\/musee-jean-moulin\/oeuvres\/c-est-l-anglais-qui-nous-a-fait-ca#infos-principales\">Matejko, Th\u00e9o<\/a>(Vienne, 18\u201306\u20131893 &#8211; Kufstein, 09\u201309\u20131946), illustrateur<br \/>\n<br \/><a href=\"http:\/\/parismuseescollections.paris.fr\/fr\/musee-jean-moulin\/oeuvres\/c-est-l-anglais-qui-nous-a-fait-ca#infos-principales\"><img loading=\"lazy\" decoding=\"async\" src=\"https:\/\/ooops.pl\/wp-content\/uploads\/2017\/09\/42181-12.jpg\" alt=\"\" width=\"377\" height=\"500\" class=\"alignleft size-full wp-image-32486\" srcset=\"https:\/\/ooops.pl\/wp-content\/uploads\/2017\/09\/42181-12.jpg 377w, https:\/\/ooops.pl\/wp-content\/uploads\/2017\/09\/42181-12-226x300.jpg 226w\" sizes=\"auto, (max-width: 377px) 100vw, 377px\" \/><\/a><\/p>\n","protected":false},"excerpt":{"rendered":"<p>Plakat istnia\u0142 tak\u017ce w wersji francuskiej \u201eC&#8217;est l&#8217;Anglais qui nous a fait \u00e7a!&#8221; Autorem wersji francuskiej (i najprawdopodobniej r\u00f3wnie\u017c polskiej) by\u0142 Theo Matejko (1893-1946), b\u0119d\u0105cy jednym z wybitnych propagandzist\u00f3w na s\u0142u\u017cbie III Rzeszy. Matejko, Th\u00e9o(Vienne, 18\u201306\u20131893 &#8211; Kufstein, 09\u201309\u20131946), illustrateur<\/p>\n","protected":false},"author":1,"featured_media":32489,"comment_status":"open","ping_status":"open","sticky":false,"template":"","format":"standard","meta":{"footnotes":""},"categories":[2128,18,20],"tags":[5536,5535,166,268,4044,309,5534],"class_list":["post-32484","post","type-post","status-publish","format-standard","has-post-thumbnail","hentry","category-politikparano","category-projektowanie","category-rysowane-ksiazki","tag-anglio-twoje-dzielo","tag-cest-langlais-qui-nous-a-fait-ca","tag-ii-ww","tag-niemcy","tag-okupacja","tag-propaganda","tag-theo-matejko"],"_links":{"self":[{"href":"https:\/\/ooops.pl\/index.php?rest_route=\/wp\/v2\/posts\/32484","targetHints":{"allow":["GET"]}}],"collection":[{"href":"https:\/\/ooops.pl\/index.php?rest_route=\/wp\/v2\/posts"}],"about":[{"href":"https:\/\/ooops.pl\/index.php?rest_route=\/wp\/v2\/types\/post"}],"author":[{"embeddable":true,"href":"https:\/\/ooops.pl\/index.php?rest_route=\/wp\/v2\/users\/1"}],"replies":[{"embeddable":true,"href":"https:\/\/ooops.pl\/index.php?rest_route=%2Fwp%2Fv2%2Fcomments&post=32484"}],"version-history":[{"count":5,"href":"https:\/\/ooops.pl\/index.php?rest_route=\/wp\/v2\/posts\/32484\/revisions"}],"predecessor-version":[{"id":32491,"href":"https:\/\/ooops.pl\/index.php?rest_route=\/wp\/v2\/posts\/32484\/revisions\/32491"}],"wp:featuredmedia":[{"embeddable":true,"href":"https:\/\/ooops.pl\/index.php?rest_route=\/wp\/v2\/media\/32489"}],"wp:attachment":[{"href":"https:\/\/ooops.pl\/index.php?rest_route=%2Fwp%2Fv2%2Fmedia&parent=32484"}],"wp:term":[{"taxonomy":"category","embeddable":true,"href":"https:\/\/ooops.pl\/index.php?rest_route=%2Fwp%2Fv2%2Fcategories&post=32484"},{"taxonomy":"post_tag","embeddable":true,"href":"https:\/\/ooops.pl\/index.php?rest_route=%2Fwp%2Fv2%2Ftags&post=32484"}],"curies":[{"name":"wp","href":"https:\/\/api.w.org\/{rel}","templated":true}]}}