{"id":31991,"date":"2017-07-23T09:58:09","date_gmt":"2017-07-23T07:58:09","guid":{"rendered":"https:\/\/ooops.pl\/?p=31991"},"modified":"2017-07-23T19:20:35","modified_gmt":"2017-07-23T17:20:35","slug":"2010-tygodnik-powszechny-plus-suplement","status":"publish","type":"post","link":"https:\/\/ooops.pl\/?p=31991","title":{"rendered":"2010, \u201eTygodnik powszechny\u201d. (Plus suplement, plus aktualizacja.)"},"content":{"rendered":"<p>1.<br \/>\n(motto: 2010)<\/p>\n<blockquote><p>\u00d3w pryncypializm jest postaw\u0105 dominuj\u0105c\u0105 we wszystkich nurtach ideowych. Sprawia, \u017ce przepustk\u0105 do \u015brodowiskowej popularno\u015bci staje si\u0119 najcz\u0119\u015bciej totalna g\u0142uchota na argumenty przeciwnik\u00f3w, oraz jednoznaczne &#8211; i oparte na wyborze moralnym, a nie intelektualnym &#8211; odrzucenie tego, co powstaje poza ramami w\u0142asnej grupy.<\/p><\/blockquote>\n<p>Rafa\u0142 Matyja \u201e<a href=\"https:\/\/www.tygodnikpowszechny.pl\/omijany-temat-144072\"><strong>Omijany temat<\/strong><\/a>\u201d<\/p>\n<p>2.<br \/>\n(suplement: 2017)<\/p>\n<blockquote><p>Pomys\u0142y do nowego w\u0105tku wpada\u0142y b\u0142yskawicznie. Jeden z nich pojawi\u0142 si\u0119 kilkana\u015bcie godzin temu i wci\u0105\u017c nie zosta\u0142 w \u017caden spos\u00f3b wymoderowany. Pochodzi od Marcina Wiacka, 43-letniego spo\u0142ecznika z podwarszawskiej Podkowy Le\u015bnej, kt\u00f3ry pisze: <\/p>\n<ol>\u2013  Wygl\u0105da jednak na to, ze PiS boi si\u0119 tylko si\u0142y i bardziej skuteczne b\u0119dzie rzucenie paru koktajli Mo\u0142otowa, prze\u0142amanie barierek, w\u0142amanie si\u0119 do sejmu. Tylko tego si\u0119 przestrasz\u0105. Troch\u0119 realnych zamieszek ruszy te\u017c wi\u0119ksz\u0105 cz\u0119\u015b\u0107 spo\u0142ecze\u0144stwa (by\u0107 mo\u017ce z obu stron). Zdaje sobie spraw\u0119, ze to nie jest metoda demokratyczna (i mo\u017ce wi\u0105za\u0107 si\u0119 z ofiarami), ale to, co si\u0119 dzieje, nie ma nic wsp\u00f3lnego z demokracj\u0105.<\/ol>\n<p>Kilka wpis\u00f3w pod zach\u0119t\u0105 do rzucania koktajlami Mo\u0142otowa Bierzy\u0144ski nawo\u0142uje do \u201emobilizacji\u201d i \u201espotkania na Krakowskim o 20\u201d. To mi\u0119dzy innymi tam organizowane s\u0105 antyrz\u0105dowe protesty. Wpis Bierzy\u0144skiego aktywizuje szef\u00f3w agencji,  marketingowc\u00f3w, dziennikarzy i ludzi ze \u015bwiata reklamy. To warszawska \u015bmietanka. Prawdziwi m\u0142odzi, wykszta\u0142ceni i z wielkich miast. Deklaruj\u0105 gotowo\u015b\u0107 do walki.<\/p><\/blockquote>\n<p>za: Stefczyk.info: \u201e<a href=\"http:\/\/www.stefczyk.info\/publicystyka\/opinie\/ludzie-reklamy-beda-bronic-demokracji-koktajlami-molotowa-nie-wykluczaja-ofiar,20682672165#ixzz4ndhdoR6N\"><strong>Ludzie reklamy b\u0119d\u0105 broni\u0107 demokracji koktajlami Mo\u0142otowa. Nie wykluczaj\u0105 ofiar<\/strong><\/a>\u201d<br \/>\n3.<br \/>\n\u2026<br \/>\n4.<br \/>\n(u-aktualnienie popo\u0142udniowe)<\/p>\n<blockquote><p>\u201e<a href=\"https:\/\/wiadomosci.wp.pl\/ja-bym-kazal-strzelac-do-tego-bydla-dr-hab-z-umcs-w-lublinie-o-demonstracjach-opozycji-6147280117667457a\">Ja bym kaza\u0142 strzela\u0107 do tego byd\u0142a&#8221;. Dr hab. z UMCS w Lublinie o demonstracjach opozycji<\/a>\u201d<\/p><\/blockquote>\n<p><em>grr\u00f3wnomaszerujemy<\/em>.<br \/>\n(\u00a9 <a href=\"https:\/\/pl.wikipedia.org\/wiki\/Ubu_Kr\u00f3l_czyli_Polacy\"><strong>alfred jarry<\/strong><\/a>)<\/p>\n","protected":false},"excerpt":{"rendered":"<p>1. (motto: 2010) \u00d3w pryncypializm jest postaw\u0105 dominuj\u0105c\u0105 we wszystkich nurtach ideowych. Sprawia, \u017ce przepustk\u0105 do \u015brodowiskowej popularno\u015bci staje si\u0119 najcz\u0119\u015bciej totalna g\u0142uchota na argumenty przeciwnik\u00f3w, oraz jednoznaczne&#8230;<\/p>\n","protected":false},"author":1,"featured_media":0,"comment_status":"open","ping_status":"open","sticky":false,"template":"","format":"standard","meta":{"footnotes":""},"categories":[2128],"tags":[34,4973,3389,3390,4542,1747,1868],"class_list":["post-31991","post","type-post","status-publish","format-standard","hentry","category-politikparano","tag-34","tag-4973","tag-alfred-jarry","tag-growno","tag-marzec","tag-salony","tag-szpieg-z-krainy-deszczowcow"],"_links":{"self":[{"href":"https:\/\/ooops.pl\/index.php?rest_route=\/wp\/v2\/posts\/31991","targetHints":{"allow":["GET"]}}],"collection":[{"href":"https:\/\/ooops.pl\/index.php?rest_route=\/wp\/v2\/posts"}],"about":[{"href":"https:\/\/ooops.pl\/index.php?rest_route=\/wp\/v2\/types\/post"}],"author":[{"embeddable":true,"href":"https:\/\/ooops.pl\/index.php?rest_route=\/wp\/v2\/users\/1"}],"replies":[{"embeddable":true,"href":"https:\/\/ooops.pl\/index.php?rest_route=%2Fwp%2Fv2%2Fcomments&post=31991"}],"version-history":[{"count":8,"href":"https:\/\/ooops.pl\/index.php?rest_route=\/wp\/v2\/posts\/31991\/revisions"}],"predecessor-version":[{"id":32001,"href":"https:\/\/ooops.pl\/index.php?rest_route=\/wp\/v2\/posts\/31991\/revisions\/32001"}],"wp:attachment":[{"href":"https:\/\/ooops.pl\/index.php?rest_route=%2Fwp%2Fv2%2Fmedia&parent=31991"}],"wp:term":[{"taxonomy":"category","embeddable":true,"href":"https:\/\/ooops.pl\/index.php?rest_route=%2Fwp%2Fv2%2Fcategories&post=31991"},{"taxonomy":"post_tag","embeddable":true,"href":"https:\/\/ooops.pl\/index.php?rest_route=%2Fwp%2Fv2%2Ftags&post=31991"}],"curies":[{"name":"wp","href":"https:\/\/api.w.org\/{rel}","templated":true}]}}