{"id":30419,"date":"2016-07-11T10:59:13","date_gmt":"2016-07-11T08:59:13","guid":{"rendered":"https:\/\/ooops.pl\/?p=30419"},"modified":"2016-07-11T11:00:27","modified_gmt":"2016-07-11T09:00:27","slug":"moralni-dreczyciele-narodu","status":"publish","type":"post","link":"https:\/\/ooops.pl\/?p=30419","title":{"rendered":"\u201eMoralni dr\u0119czyciele narodu\u201d"},"content":{"rendered":"<blockquote><p>\u2026i zastan\u00f3wmy si\u0119, czy Markiewicz ma racj\u0119 twierdz\u0105c, \u017ce s\u0105 to szczyty \u201epedagogiki wstydu\u201d, z kt\u00f3rymi \u201enajbardziej obrazoburcze wypowiedzi publicyst\u00f3w liberalnych czy lewicowych nie mog\u0105 si\u0119 r\u00f3wna\u0107\u201d. Wydaje si\u0119, \u017ce Markiewicz racji nie ma. Skupmy si\u0119 na Zychowiczu, kt\u00f3ry opr\u00f3cz <em>Ob\u0142\u0119du&#8217;44<\/em> napisa\u0142 w tym duchu jeszcze <em>Pakt Ribbentrop-Beck<\/em> i <em>Pakt Pi\u0142sudski-Lenin<\/em> \u2013 s\u0105 to teksty demaskatorskie, obrazoburcze, rewiduj\u0105ce dotychczasowe ustalenia historyk\u00f3w i kwestionuj\u0105ce polityczno-patriotyczne mity na temat sanacji, Pi\u0142sudskiego, Becka, Armii Krajowej, Bora-Komorowskiego itd. G\u0142oszone w nich tezy mog\u0105 z pewno\u015bci\u0105 wzbudzi\u0107 emocjonalny sprzeciw ze strony wielbicieli Marsza\u0142ka, bezkrytycznych chwalc\u00f3w Armii Krajowej czy wreszcie animator\u00f3w polityki pami\u0119ci, poszukuj\u0105cych w naszej historii \u201epozytywnych wzorc\u00f3w osobowych\u201d, ale \u2013 wbrew temu co suponuje Markiewicz \u2013 nie s\u0105 to przyk\u0142ady \u201epedagogiki wstydu\u201d. Zychowicz nie ka\u017ce wsp\u00f3\u0142czesnym Polakom wstydzi\u0107 si\u0119 za sanacj\u0119, za Pi\u0142sudskiego, za Becka, za Armi\u0119 Krajow\u0105, za Bora-Komorowskiego, nie ka\u017ce im posypywa\u0107 g\u0142\u00f3w popio\u0142em, wyznawa\u0107 win, przeprasza\u0107 za grzechy przodk\u00f3w. A tego w\u0142a\u015bnie domagaj\u0105 si\u0119 od wsp\u00f3\u0142czesnych Polak\u00f3w \u201epublicy\u015bci liberalni czy lewicowi\u201d, kt\u00f3rych egzemplarycznym typem jest Jan Tomasz Gross \u2013 aby \u201erozliczyli si\u0119 z mroczn\u0105 przesz\u0142o\u015bci\u0105\u201d, \u201ewzi\u0119li na siebie odpowiedzialno\u015b\u0107\u201d za grzechy pope\u0142nione przez ich dziad\u00f3w ponad 70 lat temu, \u201edokonali moralnego rozrachunku\u201d i tym podobne, wielokro\u0107 powtarzane formu\u0142y (maj\u0105ce ewidentny posmak religijny).<\/p><\/blockquote>\n<p><!--more--><\/p>\n<blockquote><p>Owszem, po lekturze ksi\u0105\u017cek Zychowicza mo\u017ce u czytelnika pojawi\u0107 si\u0119 wstyd z tego powodu, \u017ce mieli\u015bmy taki marn\u0105 warstw\u0119 przyw\u00f3dcz\u0105, ale ma to ma\u0142o wsp\u00f3lnego z \u201epedagogik\u0105 wstydu\u201d, kt\u00f3ra w Polsce jest lokaln\u0105 odmian\u0105 praktyki do\u015b\u0107 powszechnej w krajach tzw. Zachodu (wstydu za rasizm, za kolonializm, za prze\u015bladowania \u201eObcych\u201d etc.).<\/p>\n<p>Dodajmy na koniec, \u017ce \u201epedagogika wstydu\u201d w spos\u00f3b naturalny przechodzi w pedagogik\u0119 dos\u0142own\u0105\u2026<\/p><\/blockquote>\n<p>Tomasz Gabi\u015b<br \/>\n\u201e<a href=\"http:\/\/nowadebata.pl\/2016\/07\/08\/drobne-polemiki-z-piotrem-zychowiczem-elzbieta-janicka-i-henrykiem-markiewiczem\/\"><strong>Drobne polemiki z Piotrem Zychowiczem, El\u017cbiet\u0105 Janick\u0105 i Henrykiem Markiewiczem<\/strong><\/a>\u201d<\/p>\n","protected":false},"excerpt":{"rendered":"<p>\u2026i zastan\u00f3wmy si\u0119, czy Markiewicz ma racj\u0119 twierdz\u0105c, \u017ce s\u0105 to szczyty \u201epedagogiki wstydu\u201d, z kt\u00f3rymi \u201enajbardziej obrazoburcze wypowiedzi publicyst\u00f3w liberalnych czy lewicowych nie mog\u0105 si\u0119 r\u00f3wna\u0107\u201d. Wydaje si\u0119, \u017ce Markiewicz racji nie ma. Skupmy si\u0119 na Zychowiczu, kt\u00f3ry opr\u00f3cz Ob\u0142\u0119du&#8217;44 napisa\u0142 w tym duchu jeszcze Pakt Ribbentrop-Beck i Pakt Pi\u0142sudski-Lenin \u2013 s\u0105 to teksty [&hellip;]<\/p>\n","protected":false},"author":1,"featured_media":0,"comment_status":"open","ping_status":"open","sticky":false,"template":"","format":"standard","meta":{"footnotes":""},"categories":[16,405],"tags":[4744,4745,4749,165,984,4746,4743,999,203,1240,268,4742,4748,4398,320,4740,4739,4747,4741,237],"class_list":["post-30419","post","type-post","status-publish","format-standard","hentry","category-poglady","category-the-best-of-this-old-mundp-page","tag-armia-krajowa","tag-bor-komorowski","tag-henryk-markiewicz","tag-ii-rp","tag-jan-tomasz-gross","tag-jedwabne","tag-jozef-beck","tag-jozef-pilsudski","tag-kolonializm","tag-lewica","tag-niemcy","tag-obled-44","tag-piotr-zychowicz","tag-polacy","tag-rasizm","tag-rosja-radziecja","tag-rosjanie","tag-sanacja","tag-tomasz-gabis","tag-zydzi"],"_links":{"self":[{"href":"https:\/\/ooops.pl\/index.php?rest_route=\/wp\/v2\/posts\/30419","targetHints":{"allow":["GET"]}}],"collection":[{"href":"https:\/\/ooops.pl\/index.php?rest_route=\/wp\/v2\/posts"}],"about":[{"href":"https:\/\/ooops.pl\/index.php?rest_route=\/wp\/v2\/types\/post"}],"author":[{"embeddable":true,"href":"https:\/\/ooops.pl\/index.php?rest_route=\/wp\/v2\/users\/1"}],"replies":[{"embeddable":true,"href":"https:\/\/ooops.pl\/index.php?rest_route=%2Fwp%2Fv2%2Fcomments&post=30419"}],"version-history":[{"count":1,"href":"https:\/\/ooops.pl\/index.php?rest_route=\/wp\/v2\/posts\/30419\/revisions"}],"predecessor-version":[{"id":30420,"href":"https:\/\/ooops.pl\/index.php?rest_route=\/wp\/v2\/posts\/30419\/revisions\/30420"}],"wp:attachment":[{"href":"https:\/\/ooops.pl\/index.php?rest_route=%2Fwp%2Fv2%2Fmedia&parent=30419"}],"wp:term":[{"taxonomy":"category","embeddable":true,"href":"https:\/\/ooops.pl\/index.php?rest_route=%2Fwp%2Fv2%2Fcategories&post=30419"},{"taxonomy":"post_tag","embeddable":true,"href":"https:\/\/ooops.pl\/index.php?rest_route=%2Fwp%2Fv2%2Ftags&post=30419"}],"curies":[{"name":"wp","href":"https:\/\/api.w.org\/{rel}","templated":true}]}}