{"id":29377,"date":"2015-08-14T07:29:41","date_gmt":"2015-08-14T06:29:41","guid":{"rendered":"https:\/\/ooops.pl\/?p=29377"},"modified":"2015-08-14T07:29:41","modified_gmt":"2015-08-14T06:29:41","slug":"palma-bis","status":"publish","type":"post","link":"https:\/\/ooops.pl\/?p=29377","title":{"rendered":"Palma bis."},"content":{"rendered":"<blockquote><p>Prezydent sugerowa\u0142 te\u017c jednej z urz\u0119dniczek szybkie znalezienie funduszy na ten cel. Od tego czasu min\u0119\u0142o kilka miesi\u0119cy, a 17-metrowy daktylowiec, kt\u00f3ry w 2012 roku przebi\u0142 szklany dach palmiarni i od tego czasu straci\u0142 prawie wszystkie li\u015bcie, w dalszym ci\u0105gu nie mo\u017ce doczeka\u0107 si\u0119 wi\u0119kszej przestrzeni. Palma ci\u0105gle ro\u015bnie. W zwi\u0105zku z tym konieczna jest rozbi\u00f3rka istniej\u0105cej konstrukcji palmiarni, wzmocnienie jej fundament\u00f3w, podwy\u017cszenie rotundy o ok. 5 metr\u00f3w, nowa, szklano-aluminiowa fasada nadbudowanej cz\u0119\u015bci.<br \/>\n(\u2026)<br \/>\n&#8211; Szukamy partnera prywatnego, kt\u00f3ry chcia\u0142by komercyjnie wykorzysta\u0107 ten fragment parku i wzi\u0105\u0142by na siebie r\u00f3wnie\u017c podwy\u017cszenie palmiarni. Koszt tych prac oszacowano na ok. 2 mln z\u0142 &#8211; tak wycenia to wst\u0119pnie ZDiZ &#8211; wyja\u015bnia Micha\u0142 Piotrowski z biura prasowego Urz\u0119du Miejskiego.<\/p><\/blockquote>\n<p>\u201e<a href=\"http:\/\/www.trojmiasto.pl\/wiadomosci\/Co-z-obiecanym-ratunkiem-dla-daktylowca-n93348.html#tri\">Co z obiecanym ratunkiem dla daktylowca?<\/a>\u201d<\/p>\n","protected":false},"excerpt":{"rendered":"<p>Prezydent sugerowa\u0142 te\u017c jednej z urz\u0119dniczek szybkie znalezienie funduszy na ten cel. Od tego czasu min\u0119\u0142o kilka miesi\u0119cy, a 17-metrowy daktylowiec, kt\u00f3ry w 2012 roku przebi\u0142 szklany dach&#8230;<\/p>\n","protected":false},"author":1,"featured_media":0,"comment_status":"open","ping_status":"open","sticky":false,"template":"","format":"standard","meta":{"footnotes":""},"categories":[21,412],"tags":[2789,2380,1892],"class_list":["post-29377","post","type-post","status-publish","format-standard","hentry","category-rzeczy-materialne","category-mielone-i-bajaderki","tag-budyn","tag-palma","tag-tecza"],"_links":{"self":[{"href":"https:\/\/ooops.pl\/index.php?rest_route=\/wp\/v2\/posts\/29377","targetHints":{"allow":["GET"]}}],"collection":[{"href":"https:\/\/ooops.pl\/index.php?rest_route=\/wp\/v2\/posts"}],"about":[{"href":"https:\/\/ooops.pl\/index.php?rest_route=\/wp\/v2\/types\/post"}],"author":[{"embeddable":true,"href":"https:\/\/ooops.pl\/index.php?rest_route=\/wp\/v2\/users\/1"}],"replies":[{"embeddable":true,"href":"https:\/\/ooops.pl\/index.php?rest_route=%2Fwp%2Fv2%2Fcomments&post=29377"}],"version-history":[{"count":1,"href":"https:\/\/ooops.pl\/index.php?rest_route=\/wp\/v2\/posts\/29377\/revisions"}],"predecessor-version":[{"id":29378,"href":"https:\/\/ooops.pl\/index.php?rest_route=\/wp\/v2\/posts\/29377\/revisions\/29378"}],"wp:attachment":[{"href":"https:\/\/ooops.pl\/index.php?rest_route=%2Fwp%2Fv2%2Fmedia&parent=29377"}],"wp:term":[{"taxonomy":"category","embeddable":true,"href":"https:\/\/ooops.pl\/index.php?rest_route=%2Fwp%2Fv2%2Fcategories&post=29377"},{"taxonomy":"post_tag","embeddable":true,"href":"https:\/\/ooops.pl\/index.php?rest_route=%2Fwp%2Fv2%2Ftags&post=29377"}],"curies":[{"name":"wp","href":"https:\/\/api.w.org\/{rel}","templated":true}]}}