{"id":29271,"date":"2015-07-27T10:01:08","date_gmt":"2015-07-27T09:01:08","guid":{"rendered":"https:\/\/ooops.pl\/?p=29271"},"modified":"2015-07-27T10:05:23","modified_gmt":"2015-07-27T09:05:23","slug":"adam-galas-1952-2015","status":"publish","type":"post","link":"https:\/\/ooops.pl\/?p=29271","title":{"rendered":"Adam Galas (1952-2015)"},"content":{"rendered":"<p>Adam jak zwykle dyskretnie z boku, zwykle w koszuli hawajskiej, zdj\u0119ta akurat. za to spodnie ma \u015bwietne.<br \/>\njarocin 1989. kilka znanych postaci te\u017c, w centrum.<br \/>\nno, wiadomo.<br \/>\nmr m.<br \/>\n<a href=\"http:\/\/pracownia52.pl\/www\/?page_id=232\"><img loading=\"lazy\" decoding=\"async\" src=\"https:\/\/ooops.pl\/wp-content\/uploads\/2015\/07\/jarocin-1989001-ekipamn.jpg\" alt=\"jarocin-1989001-ekipamn\" width=\"890\" height=\"600\" class=\"alignleft size-full wp-image-29273\" srcset=\"https:\/\/ooops.pl\/wp-content\/uploads\/2015\/07\/jarocin-1989001-ekipamn.jpg 890w, https:\/\/ooops.pl\/wp-content\/uploads\/2015\/07\/jarocin-1989001-ekipamn-300x202.jpg 300w, https:\/\/ooops.pl\/wp-content\/uploads\/2015\/07\/jarocin-1989001-ekipamn-768x518.jpg 768w, https:\/\/ooops.pl\/wp-content\/uploads\/2015\/07\/jarocin-1989001-ekipamn-520x351.jpg 520w, https:\/\/ooops.pl\/wp-content\/uploads\/2015\/07\/jarocin-1989001-ekipamn-740x499.jpg 740w, https:\/\/ooops.pl\/wp-content\/uploads\/2015\/07\/jarocin-1989001-ekipamn-624x421.jpg 624w\" sizes=\"auto, (max-width: 890px) 100vw, 890px\" \/><\/a><\/p>\n","protected":false},"excerpt":{"rendered":"<p>Adam jak zwykle dyskretnie z boku, zwykle w koszuli hawajskiej, zdj\u0119ta akurat. za to spodnie ma \u015bwietne. jarocin 1989. kilka znanych postaci te\u017c, w centrum. no, wiadomo. mr m.<\/p>\n","protected":false},"author":1,"featured_media":29275,"comment_status":"open","ping_status":"open","sticky":false,"template":"","format":"standard","meta":{"footnotes":""},"categories":[4],"tags":[4444,180,2415],"class_list":["post-29271","post","type-post","status-publish","format-standard","has-post-thumbnail","hentry","category-muzyka","tag-adam-galas","tag-jarocin","tag-perfect"],"_links":{"self":[{"href":"https:\/\/ooops.pl\/index.php?rest_route=\/wp\/v2\/posts\/29271","targetHints":{"allow":["GET"]}}],"collection":[{"href":"https:\/\/ooops.pl\/index.php?rest_route=\/wp\/v2\/posts"}],"about":[{"href":"https:\/\/ooops.pl\/index.php?rest_route=\/wp\/v2\/types\/post"}],"author":[{"embeddable":true,"href":"https:\/\/ooops.pl\/index.php?rest_route=\/wp\/v2\/users\/1"}],"replies":[{"embeddable":true,"href":"https:\/\/ooops.pl\/index.php?rest_route=%2Fwp%2Fv2%2Fcomments&post=29271"}],"version-history":[{"count":7,"href":"https:\/\/ooops.pl\/index.php?rest_route=\/wp\/v2\/posts\/29271\/revisions"}],"predecessor-version":[{"id":29280,"href":"https:\/\/ooops.pl\/index.php?rest_route=\/wp\/v2\/posts\/29271\/revisions\/29280"}],"wp:featuredmedia":[{"embeddable":true,"href":"https:\/\/ooops.pl\/index.php?rest_route=\/wp\/v2\/media\/29275"}],"wp:attachment":[{"href":"https:\/\/ooops.pl\/index.php?rest_route=%2Fwp%2Fv2%2Fmedia&parent=29271"}],"wp:term":[{"taxonomy":"category","embeddable":true,"href":"https:\/\/ooops.pl\/index.php?rest_route=%2Fwp%2Fv2%2Fcategories&post=29271"},{"taxonomy":"post_tag","embeddable":true,"href":"https:\/\/ooops.pl\/index.php?rest_route=%2Fwp%2Fv2%2Ftags&post=29271"}],"curies":[{"name":"wp","href":"https:\/\/api.w.org\/{rel}","templated":true}]}}