{"id":29194,"date":"2015-07-14T12:44:00","date_gmt":"2015-07-14T11:44:00","guid":{"rendered":"https:\/\/ooops.pl\/?p=29194"},"modified":"2015-07-14T12:44:00","modified_gmt":"2015-07-14T11:44:00","slug":"der-konig-ist-nackt-albo-jakos-tak-bo-ten-jezyk-jest-nam-dzis-szczegolnie-obcy-wolimy-grecki","status":"publish","type":"post","link":"https:\/\/ooops.pl\/?p=29194","title":{"rendered":"Der K\u00f6nig ist nackt albo jako\u015b tak, bo ten j\u0119zyk jest nam dzi\u015b szczeg\u00f3lnie Obcy, wolimy grecki."},"content":{"rendered":"<blockquote><p>Wydawa\u0142o si\u0119, \u017ce po\u017cegnanie Bronis\u0142awa Komorowskiego z Niemcami b\u0119dzie niezr\u0119czne. Rzeczywisto\u015b\u0107 okaza\u0142a si\u0119 znacznie gorsza. Polski prezydent <a href=\"http:\/\/www4.rp.pl\/Komentarze\/307099822-Wyklad-Komorowskiego--gorzej-niz-niezrecznie.html\">zaanga\u017cowa\u0142 si\u0119 ponad miar\u0119 w uprawianie niemieckiej polityki historycznej<\/a>.<\/p><\/blockquote>\n<p>ps.<br \/>\na z prasy Zagranicznej:<\/p>\n<blockquote><p><a href=\"http:\/\/time.com\/3956017\/greece-bailout-selloff\/\">This is an idea to humiliate Greeks<\/a>.<\/p><\/blockquote>\n<p>Blitzgreek.<\/p>\n","protected":false},"excerpt":{"rendered":"<p>Wydawa\u0142o si\u0119, \u017ce po\u017cegnanie Bronis\u0142awa Komorowskiego z Niemcami b\u0119dzie niezr\u0119czne. Rzeczywisto\u015b\u0107 okaza\u0142a si\u0119 znacznie gorsza. Polski prezydent zaanga\u017cowa\u0142 si\u0119 ponad miar\u0119 w uprawianie niemieckiej polityki historycznej. ps. a z prasy Zagranicznej: This is an idea to humiliate Greeks. Blitzgreek.<\/p>\n","protected":false},"author":1,"featured_media":29121,"comment_status":"open","ping_status":"open","sticky":false,"template":"","format":"standard","meta":{"footnotes":""},"categories":[16,19],"tags":[4279,893,166,2643,1025,203,4408,268,4044],"class_list":["post-29194","post","type-post","status-publish","format-standard","has-post-thumbnail","hentry","category-poglady","category-rynek","tag-bigos","tag-grecja","tag-ii-ww","tag-iii-ww","tag-joseph-paul-goebbels","tag-kolonializm","tag-neokolonializm","tag-niemcy","tag-okupacja"],"_links":{"self":[{"href":"https:\/\/ooops.pl\/index.php?rest_route=\/wp\/v2\/posts\/29194","targetHints":{"allow":["GET"]}}],"collection":[{"href":"https:\/\/ooops.pl\/index.php?rest_route=\/wp\/v2\/posts"}],"about":[{"href":"https:\/\/ooops.pl\/index.php?rest_route=\/wp\/v2\/types\/post"}],"author":[{"embeddable":true,"href":"https:\/\/ooops.pl\/index.php?rest_route=\/wp\/v2\/users\/1"}],"replies":[{"embeddable":true,"href":"https:\/\/ooops.pl\/index.php?rest_route=%2Fwp%2Fv2%2Fcomments&post=29194"}],"version-history":[{"count":3,"href":"https:\/\/ooops.pl\/index.php?rest_route=\/wp\/v2\/posts\/29194\/revisions"}],"predecessor-version":[{"id":29197,"href":"https:\/\/ooops.pl\/index.php?rest_route=\/wp\/v2\/posts\/29194\/revisions\/29197"}],"wp:featuredmedia":[{"embeddable":true,"href":"https:\/\/ooops.pl\/index.php?rest_route=\/wp\/v2\/media\/29121"}],"wp:attachment":[{"href":"https:\/\/ooops.pl\/index.php?rest_route=%2Fwp%2Fv2%2Fmedia&parent=29194"}],"wp:term":[{"taxonomy":"category","embeddable":true,"href":"https:\/\/ooops.pl\/index.php?rest_route=%2Fwp%2Fv2%2Fcategories&post=29194"},{"taxonomy":"post_tag","embeddable":true,"href":"https:\/\/ooops.pl\/index.php?rest_route=%2Fwp%2Fv2%2Ftags&post=29194"}],"curies":[{"name":"wp","href":"https:\/\/api.w.org\/{rel}","templated":true}]}}