{"id":25885,"date":"2014-01-15T08:31:55","date_gmt":"2014-01-15T07:31:55","guid":{"rendered":"https:\/\/ooops.pl\/?p=25885"},"modified":"2014-01-15T08:32:48","modified_gmt":"2014-01-15T07:32:48","slug":"boj-w-resorcie-d-w-hucie","status":"publish","type":"post","link":"https:\/\/ooops.pl\/?p=25885","title":{"rendered":"B\u00f3j w resorcie, d. w hucie."},"content":{"rendered":"<blockquote><p><strong>Katarzyna Turaj-Kali\u0144ska<\/strong> (f-book)<br \/>\nJak si\u0119 nie podoba, <a href=\"http:\/\/www.press.pl\/newsy\/prasa\/pokaz\/43991,Sad-zakazal-sprzedazy-Resortowych-dzieci-z-Zakowskim-na-okladce\">mo\u017cna nie kupowa\u0107, nie czyta\u0107<\/a>. Mo\u017cna te\u017c ostro polemizowa\u0107, je\u015bli si\u0119 uwa\u017ca, \u017ce warto. Ale cenzura, wycofywanie juz kt\u00f3rej\u015b z rz\u0119du ksi\u0105\u017cki z obiegu publicznego, dlatego, \u017ce jest a nawet cho\u0107by i paszkwilem? To jest dopiero skandaliczne i niestety wskazuje na ewidentny uk\u0142ad korupcyjnych powi\u0105za\u0144 pomiedzy s\u0105downictwem, ale te\u017c ustawodawstwem a cz\u0119\u015bci\u0105 establishmentu medialnego. Kiedy si\u0119 doczekamy konstytucji z pierwsz\u0105 poprawk\u0105 o wolno\u015bci s\u0142owa? Niepr\u0119dko, jak wida\u0107. &#8222;Attack another&#8217;s right and you&#8217;ll destroy your own.&#8221; naprawd\u0119 Was nie mierzi kneblowanie, kiedy knebluj\u0105 Waszych przeciwnik\u00f3w? Mnie &#8211; tak.<\/p>\n<p>Tej ksi\u0105\u017cki nie dotkn\u0119\u0142abym nawet przez szmat\u0119, bo nie ma nic ohydniejszego niz wypominanie doros\u0142emu cz\u0142owiekowi jego rodowodu &#8211; sk\u0105dkolwiek by nie by\u0142, nawet od z\u0142odziei czy morderc\u00f3w. Ja tylko og\u00f3lnie &#8211; odbieranie nawet chamom i idiotom prawa do wypowiedzi jest bardziej szkodliwe ni\u017c te ich za\u0142osne wypowiedzi. Bo kto niby mia\u0142by mie\u0107 prawo do odbierania tego prawa? Jacy\u015b nowi m\u0105drzejsi z definicji? Pa\u0144stwo &#8211; totalitarne?! To ju\u017c przerabiali\u015bmy. Ka\u017cdy ma prawo powiedzie\u0107, co my\u015bli, a inni maj\u0105 prawo nie s\u0142ucha\u0107 lub si\u0119 k\u0142\u00f3ci\u0107. Tyle.<\/p>\n<p>P. Kami\u0144skiemu polecam przestudiowanie <a href =\"http:\/\/en.wikipedia.org\/wiki\/The_People_vs._Larry_Flynt\">procesu Larry&#8217;ego Flynta<\/a>. Wizerunek to nie jest co\u015b co podlega ochronie w USA. Ochronie podlega wolno\u015b\u0107 s\u0142owa.<\/p><\/blockquote>\n<p><!--more--><br \/>\ni <a href=\"http:\/\/www.mitologie.eu\/?p=562\">niewiele<\/a> trzeba doda\u0107. Mo\u017ce w\u0142a\u015bnie to, \u017ce  \u2013 jak niesprawiedliwie s\u0105dz\u0119 \u2013 jedne <em>resortowe Dzieci<\/em> donosz\u0105 na <em>drugie<\/em> (czy III cie); troch\u0119 wg. podzia\u0142\u00f3w sprzed wielu, wielu lat: \u2013 <em>m\u00f3j Tatu\u015b wyrzuci\u0142 twojego z pracy? aa, nieprawda, bo wcze\u015bniej to<\/em>\u2026<br \/>\na te podzia\u0142y &#8212; niekiedy nawet: sprzed II WW. ale ja si\u0119 nie znam na resortach.<\/p>\n","protected":false},"excerpt":{"rendered":"<p>Katarzyna Turaj-Kali\u0144ska (f-book) Jak si\u0119 nie podoba, mo\u017cna nie kupowa\u0107, nie czyta\u0107. Mo\u017cna te\u017c ostro polemizowa\u0107, je\u015bli si\u0119 uwa\u017ca, \u017ce warto. Ale cenzura, wycofywanie juz kt\u00f3rej\u015b z rz\u0119du ksi\u0105\u017cki z obiegu publicznego, dlatego, \u017ce jest a nawet cho\u0107by i paszkwilem? To jest dopiero skandaliczne i niestety wskazuje na ewidentny uk\u0142ad korupcyjnych powi\u0105za\u0144 pomiedzy s\u0105downictwem, ale [&hellip;]<\/p>\n","protected":false},"author":1,"featured_media":0,"comment_status":"open","ping_status":"open","sticky":false,"template":"","format":"standard","meta":{"footnotes":""},"categories":[3],"tags":[3027,34,3666,91,3661,167,195,1169,3663,230,1433,3664,3665,3662,392],"class_list":["post-25885","post","type-post","status-publish","format-standard","hentry","category-jezyk","tag-3027","tag-34","tag-3666","tag-cenzura","tag-cenzura-prewencyjna","tag-iii-rp","tag-kc-pzpr","tag-kpp","tag-larry-flynt","tag-liberalizm","tag-mysia","tag-ppr","tag-pps","tag-resortowe-dzieci","tag-wolnosc"],"_links":{"self":[{"href":"https:\/\/ooops.pl\/index.php?rest_route=\/wp\/v2\/posts\/25885","targetHints":{"allow":["GET"]}}],"collection":[{"href":"https:\/\/ooops.pl\/index.php?rest_route=\/wp\/v2\/posts"}],"about":[{"href":"https:\/\/ooops.pl\/index.php?rest_route=\/wp\/v2\/types\/post"}],"author":[{"embeddable":true,"href":"https:\/\/ooops.pl\/index.php?rest_route=\/wp\/v2\/users\/1"}],"replies":[{"embeddable":true,"href":"https:\/\/ooops.pl\/index.php?rest_route=%2Fwp%2Fv2%2Fcomments&post=25885"}],"version-history":[{"count":5,"href":"https:\/\/ooops.pl\/index.php?rest_route=\/wp\/v2\/posts\/25885\/revisions"}],"predecessor-version":[{"id":25890,"href":"https:\/\/ooops.pl\/index.php?rest_route=\/wp\/v2\/posts\/25885\/revisions\/25890"}],"wp:attachment":[{"href":"https:\/\/ooops.pl\/index.php?rest_route=%2Fwp%2Fv2%2Fmedia&parent=25885"}],"wp:term":[{"taxonomy":"category","embeddable":true,"href":"https:\/\/ooops.pl\/index.php?rest_route=%2Fwp%2Fv2%2Fcategories&post=25885"},{"taxonomy":"post_tag","embeddable":true,"href":"https:\/\/ooops.pl\/index.php?rest_route=%2Fwp%2Fv2%2Ftags&post=25885"}],"curies":[{"name":"wp","href":"https:\/\/api.w.org\/{rel}","templated":true}]}}