{"id":25668,"date":"2013-12-20T14:13:09","date_gmt":"2013-12-20T13:13:09","guid":{"rendered":"https:\/\/ooops.pl\/?p=25668"},"modified":"2013-12-20T14:13:09","modified_gmt":"2013-12-20T13:13:09","slug":"porzadek-panuje-nad-warszawa","status":"publish","type":"post","link":"https:\/\/ooops.pl\/?p=25668","title":{"rendered":"Porz\u0105dek panuje nad warszaw\u0105."},"content":{"rendered":"<blockquote><p>\u201ePoza tym uzyskano niezb\u0119dne zgody od organ\u00f3w zarz\u0105dzaj\u0105cych przestrzeni\u0105 powietrzn\u0105 oraz zapewniono os\u0142on\u0119 meteorologiczn\u0105 przedsi\u0119wzi\u0119cia. Wykonanie lot\u00f3w poprzedzone zosta\u0142o wypracowaniem wskaz\u00f3wek bezpiecze\u0144stwa ze szczeg\u00f3lnym uwzgl\u0119dnieniem sposobu zrzutu ulotek oraz warunk\u00f3w bezpiecze\u0144stwa za\u0142\u00f3g i pasa\u017cer\u00f3w. Przeprowadzono tak\u017ce instrukta\u017ce poprzedzone rekonesansami miejsc zrzutu, zapoznano si\u0119 z topografi\u0105 miast, jak i podzia\u0142em przestrzeni powietrznej (\u2026)\u201d<br \/>\nRzecznik MON Jacek So\u0144ta r\u00f3wnie\u017c podkre\u015bla\u0142, \u017ce \u201etrudno mu zrozumie\u0107 stwierdzenie, \u017ce <a href=\"http:\/\/tvnwarszawa.tvn24.pl\/informacje,news,prokuratura-zrzucanie-ulotek-o-akcji-orzel-moze-nie-bylo-przestepstwem,109110.html\"><strong>udzia\u0142 wojska w patriotycznej akcji Kancelarii Prezydenta<\/strong><\/a>, to dzia\u0142anie na szkod\u0119 interesu publicznego&#8221;.<\/p><\/blockquote>\n","protected":false},"excerpt":{"rendered":"<p>\u201ePoza tym uzyskano niezb\u0119dne zgody od organ\u00f3w zarz\u0105dzaj\u0105cych przestrzeni\u0105 powietrzn\u0105 oraz zapewniono os\u0142on\u0119 meteorologiczn\u0105 przedsi\u0119wzi\u0119cia. Wykonanie lot\u00f3w poprzedzone zosta\u0142o wypracowaniem wskaz\u00f3wek bezpiecze\u0144stwa ze szczeg\u00f3lnym uwzgl\u0119dnieniem sposobu zrzutu ulotek oraz warunk\u00f3w bezpiecze\u0144stwa za\u0142\u00f3g i pasa\u017cer\u00f3w. Przeprowadzono tak\u017ce instrukta\u017ce poprzedzone rekonesansami miejsc zrzutu, zapoznano si\u0119 z topografi\u0105 miast, jak i podzia\u0142em przestrzeni powietrznej (\u2026)\u201d Rzecznik MON Jacek [&hellip;]<\/p>\n","protected":false},"author":1,"featured_media":15838,"comment_status":"open","ping_status":"open","sticky":false,"template":"","format":"standard","meta":{"footnotes":""},"categories":[8],"tags":[2787,1389,1418,3608,3609,391],"class_list":["post-25668","post","type-post","status-publish","format-standard","has-post-thumbnail","hentry","category-bajki","tag-kniaz-patiomkin","tag-mis-z-okienka","tag-mrozek","tag-orzel-moze","tag-roz","tag-wojsko"],"_links":{"self":[{"href":"https:\/\/ooops.pl\/index.php?rest_route=\/wp\/v2\/posts\/25668","targetHints":{"allow":["GET"]}}],"collection":[{"href":"https:\/\/ooops.pl\/index.php?rest_route=\/wp\/v2\/posts"}],"about":[{"href":"https:\/\/ooops.pl\/index.php?rest_route=\/wp\/v2\/types\/post"}],"author":[{"embeddable":true,"href":"https:\/\/ooops.pl\/index.php?rest_route=\/wp\/v2\/users\/1"}],"replies":[{"embeddable":true,"href":"https:\/\/ooops.pl\/index.php?rest_route=%2Fwp%2Fv2%2Fcomments&post=25668"}],"version-history":[{"count":1,"href":"https:\/\/ooops.pl\/index.php?rest_route=\/wp\/v2\/posts\/25668\/revisions"}],"predecessor-version":[{"id":25669,"href":"https:\/\/ooops.pl\/index.php?rest_route=\/wp\/v2\/posts\/25668\/revisions\/25669"}],"wp:featuredmedia":[{"embeddable":true,"href":"https:\/\/ooops.pl\/index.php?rest_route=\/wp\/v2\/media\/15838"}],"wp:attachment":[{"href":"https:\/\/ooops.pl\/index.php?rest_route=%2Fwp%2Fv2%2Fmedia&parent=25668"}],"wp:term":[{"taxonomy":"category","embeddable":true,"href":"https:\/\/ooops.pl\/index.php?rest_route=%2Fwp%2Fv2%2Fcategories&post=25668"},{"taxonomy":"post_tag","embeddable":true,"href":"https:\/\/ooops.pl\/index.php?rest_route=%2Fwp%2Fv2%2Ftags&post=25668"}],"curies":[{"name":"wp","href":"https:\/\/api.w.org\/{rel}","templated":true}]}}