{"id":21402,"date":"2013-01-09T06:56:32","date_gmt":"2013-01-09T05:56:32","guid":{"rendered":"https:\/\/ooops.pl\/?p=21402"},"modified":"2013-01-09T07:35:35","modified_gmt":"2013-01-09T06:35:35","slug":"oryginalnosc-to-tylko-kwestia-zoladka-paul-ambroise-valery","status":"publish","type":"post","link":"https:\/\/ooops.pl\/?p=21402","title":{"rendered":"\u201eOryginalno\u015b\u0107 to tylko kwestia \u017co\u0142\u0105dka\u201d (Paul Ambroise Val\u00e9ry)"},"content":{"rendered":"<blockquote><p>Komisja Europejska podzieli\u0142a Europ\u0119 na <a href=\"http:\/\/www.wprost.pl\/ar\/383318\/KE-ostrzega-Polska-zagrozona-bieda-i-wykluczeniem-spolecznym\/\"><strong>P\u00f3\u0142noc, Po\u0142udnie i Wsch\u00f3d<\/strong><\/a> kontynentu.<\/p><\/blockquote>\n<p><a href=\"http:\/\/www.pracownia52.pl\/\"><img loading=\"lazy\" decoding=\"async\" src=\"https:\/\/ooops.pl\/wp-content\/uploads\/2013\/01\/rekawiczka-swieta-2012-oo207.jpg\" alt=\"rekawiczka-swieta-2012-oo207\" width=\"650\" height=\"488\" class=\"alignleft size-full wp-image-21411\" srcset=\"https:\/\/ooops.pl\/wp-content\/uploads\/2013\/01\/rekawiczka-swieta-2012-oo207.jpg 650w, https:\/\/ooops.pl\/wp-content\/uploads\/2013\/01\/rekawiczka-swieta-2012-oo207-300x225.jpg 300w, https:\/\/ooops.pl\/wp-content\/uploads\/2013\/01\/rekawiczka-swieta-2012-oo207-520x390.jpg 520w, https:\/\/ooops.pl\/wp-content\/uploads\/2013\/01\/rekawiczka-swieta-2012-oo207-624x468.jpg 624w\" sizes=\"auto, (max-width: 650px) 100vw, 650px\" \/><\/a><br \/>\n<!--more--><br \/>\n&#8230;&#8230;&#8230;&#8230;&#8230;&#8230;&#8230;&#8230;<br \/>\ni zastanawiam si\u0119, kt\u00f3ry z cytat\u00f3w Bardziej mi si\u0119 przyda, dzi\u015b\u2026<br \/>\n(cyt. 2.)<\/p>\n<blockquote><p><a href=\"http:\/\/namonciaku.pl\/3miasto\/1,113052,13161142,Agnieszka_Pomaska_skonczyla_33_lata__Ma_na_swoim_koncie.html\">Najwi\u0119ksz\u0105 pasj\u0105 pos\u0142anki jest sport<\/a>\u2026<\/p><\/blockquote>\n<p>chyba \u017caden.<br \/>\n&#8230;&#8230;&#8230;&#8230;&#8230;&#8230;&#8230;&#8230;<br \/>\na z Rzeczy Oryginalnych &#038; Nowych: wzruszy\u0142 te\u017c dzi\u015b tytu\u0142, s rana\u2026<\/p>\n<blockquote><p><a href=\"http:\/\/deluxe.trojmiasto.pl\/Neony-i-biel-Lato-wedlug-Zajaczkowskiego-n65304.html\"><strong>Neony i biel. Lato wed\u0142ug Zaj\u0105czkowskiego<\/strong><\/a><\/p><\/blockquote>\n<p>ale nie przeczytali\u015bmy, bo kto do\u017cyje do Lata.<br \/>\n&#8230;&#8230;&#8230;&#8230;&#8230;&#8230;&#8230;&#8230;<br \/>\nps.<br \/>\n<a href=\"https:\/\/ooops.pl\/?p=1247\">powtarzam si\u0119<\/a>, wiadomo. (i tak ju\u017c do usr. [\u201e\u2026i ma\u0142e szanse na wyj\u015bcie {\u2026} maj\u0105 osoby, kt\u00f3re <a href=\"http:\/\/www.wprost.pl\/ar\/383318\/KE-ostrzega-Polska-zagrozona-bieda-i-wykluczeniem-spolecznym\/\">raz wpadn\u0105 w pu\u0142apk\u0119<\/a>\u2026\u201d])<br \/>\n<br \/><a href=\"http:\/\/natemat.pl\/46103,prof-balcerowicz-o-lot-jesli-wypadki-nadzwyczajne-staja-sie-zwyczajne-to-nie-jest-w-porzadku\"><img loading=\"lazy\" decoding=\"async\" src=\"https:\/\/ooops.pl\/wp-content\/uploads\/2013\/01\/Zrzut-ekranu-2013-01-09-godz.-07.31.jpg\" alt=\"Zrzut-ekranu-2013-01-09-(godz.-07.31\" width=\"800\" height=\"276\" class=\"alignleft size-full wp-image-21428\" srcset=\"https:\/\/ooops.pl\/wp-content\/uploads\/2013\/01\/Zrzut-ekranu-2013-01-09-godz.-07.31.jpg 800w, https:\/\/ooops.pl\/wp-content\/uploads\/2013\/01\/Zrzut-ekranu-2013-01-09-godz.-07.31-300x104.jpg 300w, https:\/\/ooops.pl\/wp-content\/uploads\/2013\/01\/Zrzut-ekranu-2013-01-09-godz.-07.31-768x265.jpg 768w, https:\/\/ooops.pl\/wp-content\/uploads\/2013\/01\/Zrzut-ekranu-2013-01-09-godz.-07.31-520x179.jpg 520w, https:\/\/ooops.pl\/wp-content\/uploads\/2013\/01\/Zrzut-ekranu-2013-01-09-godz.-07.31-740x255.jpg 740w, https:\/\/ooops.pl\/wp-content\/uploads\/2013\/01\/Zrzut-ekranu-2013-01-09-godz.-07.31-624x215.jpg 624w\" sizes=\"auto, (max-width: 800px) 100vw, 800px\" \/><\/a><\/p>\n","protected":false},"excerpt":{"rendered":"<p>Komisja Europejska podzieli\u0142a Europ\u0119 na P\u00f3\u0142noc, Po\u0142udnie i Wsch\u00f3d kontynentu.<\/p>\n","protected":false},"author":1,"featured_media":21411,"comment_status":"open","ping_status":"open","sticky":false,"template":"","format":"standard","meta":{"footnotes":""},"categories":[8,21,1],"tags":[1389,1868],"class_list":["post-21402","post","type-post","status-publish","format-standard","has-post-thumbnail","hentry","category-bajki","category-rzeczy-materialne","category-inne","tag-mis-z-okienka","tag-szpieg-z-krainy-deszczowcow"],"_links":{"self":[{"href":"https:\/\/ooops.pl\/index.php?rest_route=\/wp\/v2\/posts\/21402","targetHints":{"allow":["GET"]}}],"collection":[{"href":"https:\/\/ooops.pl\/index.php?rest_route=\/wp\/v2\/posts"}],"about":[{"href":"https:\/\/ooops.pl\/index.php?rest_route=\/wp\/v2\/types\/post"}],"author":[{"embeddable":true,"href":"https:\/\/ooops.pl\/index.php?rest_route=\/wp\/v2\/users\/1"}],"replies":[{"embeddable":true,"href":"https:\/\/ooops.pl\/index.php?rest_route=%2Fwp%2Fv2%2Fcomments&post=21402"}],"version-history":[{"count":25,"href":"https:\/\/ooops.pl\/index.php?rest_route=\/wp\/v2\/posts\/21402\/revisions"}],"predecessor-version":[{"id":21422,"href":"https:\/\/ooops.pl\/index.php?rest_route=\/wp\/v2\/posts\/21402\/revisions\/21422"}],"wp:featuredmedia":[{"embeddable":true,"href":"https:\/\/ooops.pl\/index.php?rest_route=\/wp\/v2\/media\/21411"}],"wp:attachment":[{"href":"https:\/\/ooops.pl\/index.php?rest_route=%2Fwp%2Fv2%2Fmedia&parent=21402"}],"wp:term":[{"taxonomy":"category","embeddable":true,"href":"https:\/\/ooops.pl\/index.php?rest_route=%2Fwp%2Fv2%2Fcategories&post=21402"},{"taxonomy":"post_tag","embeddable":true,"href":"https:\/\/ooops.pl\/index.php?rest_route=%2Fwp%2Fv2%2Ftags&post=21402"}],"curies":[{"name":"wp","href":"https:\/\/api.w.org\/{rel}","templated":true}]}}