{"id":20863,"date":"2012-12-10T07:26:55","date_gmt":"2012-12-10T06:26:55","guid":{"rendered":"https:\/\/ooops.pl\/?p=20863"},"modified":"2012-12-10T08:15:48","modified_gmt":"2012-12-10T07:15:48","slug":"moj-kali-dobry-twoj-kali-zly-albo-odwrotnie","status":"publish","type":"post","link":"https:\/\/ooops.pl\/?p=20863","title":{"rendered":"m\u00f3j kali dobry tw\u00f3j kali z\u0142y. (albo odwrotnie.)"},"content":{"rendered":"<p>aa, nic si\u0119 nie dzieje, co\u015b <a href=\"https:\/\/ooops.pl\/?p=20856\">ma\u0142o zamarza Biedak\u00f3w<\/a> &#8212; to wr\u00f3\u0107my do Przesz\u0142o\u015bci (nadal i bez celu)<\/p>\n<blockquote><p><strong>Artur Ceyrowski<\/strong> (facebook)<br \/>\n@Wiktor, wed\u0142ug mnie paranoik\u00f3w spotka\u0107 mo\u017cna po jednej i drugiej stronie teatrum. Zgadzam si\u0119 jednak w pe\u0142ni, i\u017c ca\u0142a ta dychotomia polityczna jest zupe\u0142nie niezdolna opisa\u0107 cokolwiek na scenie politycznej jako takiej, nie tylko poprzez sw\u00f3j manichejski charakter (my \u017ali \/ oni dobrzy \u2013 my \u015bwiat\u0142o \/ oni ciemno\u015b\u0107), ale przez to g\u0142\u00f3wnie, \u017ce poj\u0119cia jej przynale\u017cne (lewica\/prawica) zupe\u0142nie straci\u0142y jak\u0105kolwiek \u0142\u0105czno\u015b\u0107 z desygnatami.<br \/>\nAd rem, ciekawy w\u0105tek \u2013 niestety znam go tylko z recepcji RAZa jest tu: <a href=\"http:\/\/www.rp.pl\/artykul\/935983.html\">www.rp.pl\/artykul\/935983.html<\/a> \u2013 i rzekomego fragmentu ksi\u0105\u017cki \u017cony Wielkiego Elektryka. Danu\u015bka mia\u0142aby pisa\u0107: <\/p>\n<ol>\u201e(&#8230;) kiedy to wedle insynuacji niecnego Wyszkowskiego mia\u0142 nasz narodowy symbol bolkowa\u0107 i bra\u0107 za to pieni\u0105dze. Pisze pani Danuta, \u017ce by\u0142o w tym czasie ci\u0119\u017cko, ale m\u0105\u017c na szcz\u0119\u015bcie regularnie przynosi\u0142 do domu dodatkowe z\u0142ot\u00f3wki, po tysi\u0105c, dwa, kt\u00f3re wygrywa\u0142 w totalizatorze. Pani Danuta zauwa\u017ca przy tym, \u017ce m\u0105\u017c gra z pasj\u0105 do dzi\u015b, ale od tamtych czas\u00f3w ju\u017c nigdy nic nie wygra\u0142, co \u2013 jej zdaniem \u2013 dowodzi m\u0105dro\u015bci bo\u017cej, opatrzno\u015b\u0107 widzi wszak, \u017ce pieni\u0119dzy, kt\u00f3rych wtedy brakowa\u0142o, teraz ju\u017c nie potrzebuj\u0105.&#8221;<\/ol>\n<\/blockquote>\n<p><a href=\"http:\/\/www.pracownia52.pl\/\"><img loading=\"lazy\" decoding=\"async\" src=\"https:\/\/ooops.pl\/wp-content\/uploads\/2012\/12\/oliwa-skm-gru-2012-low-02.jpg\" alt=\"\" title=\"oliwa-skm-gru-2012-low-02\" width=\"650\" height=\"867\" class=\"alignleft size-full wp-image-20871\" srcset=\"https:\/\/ooops.pl\/wp-content\/uploads\/2012\/12\/oliwa-skm-gru-2012-low-02.jpg 650w, https:\/\/ooops.pl\/wp-content\/uploads\/2012\/12\/oliwa-skm-gru-2012-low-02-225x300.jpg 225w, https:\/\/ooops.pl\/wp-content\/uploads\/2012\/12\/oliwa-skm-gru-2012-low-02-520x694.jpg 520w, https:\/\/ooops.pl\/wp-content\/uploads\/2012\/12\/oliwa-skm-gru-2012-low-02-624x832.jpg 624w\" sizes=\"auto, (max-width: 650px) 100vw, 650px\" \/><\/a><br \/>\n<!--more--><br \/>\n&#8230;&#8230;&#8230;&#8230;&#8230;&#8230;&#8230;&#8230;.<br \/>\ni dodam mo\u017ce (cho\u0107: po co?) \u017ce to &#8212; w zwi\u0105zku z. (wczorajszym, jak zwykle.)<\/p>\n<blockquote><p><strong>Makowski<\/strong> via <strong>Mirek Usidus<\/strong> (facebook)<br \/>\n(ja wiem: PEWNI Ludzie = nie czytaj\u0105 INNYCH Ludzi; a Ci 2dzy = Tamtych. karty rozdane, Stoliki obsadzone. ale przeczytajcie, bez uprzedze\u0144.<br \/>\n[<a href=\"http:\/\/wiadomosci.onet.pl\/tylko-w-onecie\/ziemkiewicz-wolta-walesy-musiala-byc-dla-generalow,1,5326493,wiadomosc.html\"><strong>cyt<\/strong><\/a>.]<\/p>\n<ol>\u201e\u2013 (\u2026) 13 grudnia zacz\u0105\u0142 si\u0119 Okr\u0105g\u0142y St\u00f3\u0142. 13 grudnia zacz\u0105\u0142 si\u0119 proces takiego przekszta\u0142cenia Polski w pa\u0144stwo gospodarczo wydolne, \u017ceby nomenklatura komunistyczna pozosta\u0142a warstw\u0105 uprzywilejowan\u0105 w Polsce wolnorynkowej, \u017ceby si\u0119 z socjalist\u00f3w przekszta\u0142ci\u0142a w g\u0142adko kapitalist\u00f3w.<br \/>\n\u2013 <strong>My\u015bli Pan, \u017ce to by\u0142o zaplanowane, czy po prostu tak wysz\u0142o<\/strong>?<br \/>\n\u2013 Tak wysz\u0142o. \u015awiadomo\u015b\u0107, \u017ce trzeba odrzuci\u0107 ideologi\u0119 i \u00abpryncypia\u00bb komunizmu narodzi\u0142a si\u0119 na zapleczu w\u0142adzy gdzie\u015b w po\u0142owie lat osiemdziesi\u0105tych\u2026\u201d<\/ol>\n<p>[kon. <a href=\"http:\/\/wiadomosci.onet.pl\/tylko-w-onecie\/ziemkiewicz-wolta-walesy-musiala-byc-dla-generalow,1,5326493,wiadomosc.html\"><strong>cyt<\/strong><\/a>.]<br \/>\nz tytm, \u017ce ja (+ z w\u0142asnych obserwacji, te\u017c) &#8212; sytuowa\u0142bym narastanie tej \u015bwiadomo\u015bci, szczeg\u00f3lnie w\u015br\u00f3d m\u0142odszych \u201eaktywist\u00f3w\u201d, tych jeszcze \u201epn\u0105cych si\u0119\u201d czy lokalnych\u2026 (typu Beza i Niedomagister) &#8212; ZNACZNIE wcze\u015bniej\u2026<\/p><\/blockquote>\n<p>dzi\u015b i wtedy.<br \/>\namen.<br \/>\n(albo Omen, gdy\u017c mnie sie Tradycyjnie wszystko.)<\/p>\n","protected":false},"excerpt":{"rendered":"<p>aa, nic si\u0119 nie dzieje, co\u015b ma\u0142o zamarza Biedak\u00f3w &#8212; to wr\u00f3\u0107my do Przesz\u0142o\u015bci (nadal i bez celu) Artur Ceyrowski (facebook) @Wiktor, wed\u0142ug mnie paranoik\u00f3w spotka\u0107 mo\u017cna po jednej i drugiej stronie teatrum. Zgadzam si\u0119 jednak w pe\u0142ni, i\u017c ca\u0142a ta dychotomia polityczna jest zupe\u0142nie niezdolna opisa\u0107 cokolwiek na scenie politycznej jako takiej, nie tylko [&hellip;]<\/p>\n","protected":false},"author":1,"featured_media":20871,"comment_status":"open","ping_status":"open","sticky":false,"template":"","format":"standard","meta":{"footnotes":""},"categories":[1,16,2130],"tags":[469,593,3006,167,176,1191,1240,1460,1597,3008,307,3007,3005],"class_list":["post-20863","post","type-post","status-publish","format-standard","has-post-thumbnail","hentry","category-inne","category-poglady","category-to-jest-peerel","tag-13-grudnia","tag-beza","tag-danuska","tag-iii-rp","tag-iv-rp","tag-krzyzacy","tag-lewica","tag-niedomagister","tag-pinokio","tag-prawica","tag-prl","tag-prywatyzacja","tag-ziemkiewicz"],"_links":{"self":[{"href":"https:\/\/ooops.pl\/index.php?rest_route=\/wp\/v2\/posts\/20863","targetHints":{"allow":["GET"]}}],"collection":[{"href":"https:\/\/ooops.pl\/index.php?rest_route=\/wp\/v2\/posts"}],"about":[{"href":"https:\/\/ooops.pl\/index.php?rest_route=\/wp\/v2\/types\/post"}],"author":[{"embeddable":true,"href":"https:\/\/ooops.pl\/index.php?rest_route=\/wp\/v2\/users\/1"}],"replies":[{"embeddable":true,"href":"https:\/\/ooops.pl\/index.php?rest_route=%2Fwp%2Fv2%2Fcomments&post=20863"}],"version-history":[{"count":16,"href":"https:\/\/ooops.pl\/index.php?rest_route=\/wp\/v2\/posts\/20863\/revisions"}],"predecessor-version":[{"id":20880,"href":"https:\/\/ooops.pl\/index.php?rest_route=\/wp\/v2\/posts\/20863\/revisions\/20880"}],"wp:featuredmedia":[{"embeddable":true,"href":"https:\/\/ooops.pl\/index.php?rest_route=\/wp\/v2\/media\/20871"}],"wp:attachment":[{"href":"https:\/\/ooops.pl\/index.php?rest_route=%2Fwp%2Fv2%2Fmedia&parent=20863"}],"wp:term":[{"taxonomy":"category","embeddable":true,"href":"https:\/\/ooops.pl\/index.php?rest_route=%2Fwp%2Fv2%2Fcategories&post=20863"},{"taxonomy":"post_tag","embeddable":true,"href":"https:\/\/ooops.pl\/index.php?rest_route=%2Fwp%2Fv2%2Ftags&post=20863"}],"curies":[{"name":"wp","href":"https:\/\/api.w.org\/{rel}","templated":true}]}}