{"id":18511,"date":"2012-07-23T06:04:12","date_gmt":"2012-07-23T05:04:12","guid":{"rendered":"https:\/\/ooops.pl\/?p=18511"},"modified":"2012-07-23T06:57:48","modified_gmt":"2012-07-23T05:57:48","slug":"z-okazji-zakonczenia-powstania","status":"publish","type":"post","link":"https:\/\/ooops.pl\/?p=18511","title":{"rendered":"z Okazji zako\u0144czenia (+ Powstania)."},"content":{"rendered":"<p>festiwalu w jarocinie, na kt\u00f3rym jak wiadomo nie byli\u015bmy &#8212; publikujemy prawie Aktualne (sprzed 2 tygodni) zdj\u0119cie grupy D\u017cem, kt\u00f3ra te\u017c w jarocinie nie zagra\u0142a w tym r. <\/p>\n<blockquote><p>Byli tacy, kt\u00f3rzy pami\u0119tali (\u2026) za\u015bpiewane na jaroci\u0144skiej scenie na pami\u0119tnym festiwalu 94&#8242;. <\/p><\/blockquote>\n<p>tak: niech si\u0119 \u015bwi\u0119ci <a href=\"http:\/\/www.gloswielkopolski.pl\/artykul\/622355,jarocin-2012-powstancza-sobota-i-kultowa-niedziela-na,id,t.html\">kultowe Powstanie<\/a>. cze\u015b\u0107 pami\u0119ci.<br \/>\ni oddajcie nam <a href=\"http:\/\/www.wprost.pl\/ar\/335073\/Jarocin-mezczyzna-chcial-sie-przejechac-na-masce-radiowozu\/\">nasz Radiow\u00f3z<\/a>.<br \/>\n<br \/><a href=\"http:\/\/pracownia52.pl\/www\/?s=d%C5%BCem\"><img loading=\"lazy\" decoding=\"async\" src=\"https:\/\/ooops.pl\/wp-content\/uploads\/2012\/07\/dzem-pick-and-roll-low-001.jpg\" alt=\"\" title=\"dzem-pick-and-roll-low-001\" width=\"800\" height=\"600\" class=\"alignnone size-full wp-image-18516\" srcset=\"https:\/\/ooops.pl\/wp-content\/uploads\/2012\/07\/dzem-pick-and-roll-low-001.jpg 800w, https:\/\/ooops.pl\/wp-content\/uploads\/2012\/07\/dzem-pick-and-roll-low-001-300x225.jpg 300w, https:\/\/ooops.pl\/wp-content\/uploads\/2012\/07\/dzem-pick-and-roll-low-001-768x576.jpg 768w, https:\/\/ooops.pl\/wp-content\/uploads\/2012\/07\/dzem-pick-and-roll-low-001-520x390.jpg 520w, https:\/\/ooops.pl\/wp-content\/uploads\/2012\/07\/dzem-pick-and-roll-low-001-740x555.jpg 740w, https:\/\/ooops.pl\/wp-content\/uploads\/2012\/07\/dzem-pick-and-roll-low-001-624x468.jpg 624w\" sizes=\"auto, (max-width: 800px) 100vw, 800px\" \/><\/a><\/p>\n","protected":false},"excerpt":{"rendered":"<p>festiwalu w jarocinie, na kt\u00f3rym jak wiadomo nie byli\u015bmy &#8212; publikujemy prawie Aktualne (sprzed 2 tygodni) zdj\u0119cie grupy D\u017cem, kt\u00f3ra te\u017c w jarocinie nie zagra\u0142a w tym r. Byli tacy, kt\u00f3rzy pami\u0119tali (\u2026) za\u015bpiewane na jaroci\u0144skiej scenie na pami\u0119tnym festiwalu 94&#8242;. tak: niech si\u0119 \u015bwi\u0119ci kultowe Powstanie. cze\u015b\u0107 pami\u0119ci. i oddajcie nam nasz Radiow\u00f3z.<\/p>\n","protected":false},"author":1,"featured_media":18516,"comment_status":"open","ping_status":"open","sticky":false,"template":"","format":"standard","meta":{"footnotes":""},"categories":[4,412,1],"tags":[762,119,180,2808,1518,304],"class_list":["post-18511","post","type-post","status-publish","format-standard","has-post-thumbnail","hentry","category-muzyka","category-mielone-i-bajaderki","category-inne","tag-dzem","tag-emeryci","tag-jarocin","tag-jubileusze","tag-ordery","tag-powstanie"],"_links":{"self":[{"href":"https:\/\/ooops.pl\/index.php?rest_route=\/wp\/v2\/posts\/18511","targetHints":{"allow":["GET"]}}],"collection":[{"href":"https:\/\/ooops.pl\/index.php?rest_route=\/wp\/v2\/posts"}],"about":[{"href":"https:\/\/ooops.pl\/index.php?rest_route=\/wp\/v2\/types\/post"}],"author":[{"embeddable":true,"href":"https:\/\/ooops.pl\/index.php?rest_route=\/wp\/v2\/users\/1"}],"replies":[{"embeddable":true,"href":"https:\/\/ooops.pl\/index.php?rest_route=%2Fwp%2Fv2%2Fcomments&post=18511"}],"version-history":[{"count":10,"href":"https:\/\/ooops.pl\/index.php?rest_route=\/wp\/v2\/posts\/18511\/revisions"}],"predecessor-version":[{"id":18522,"href":"https:\/\/ooops.pl\/index.php?rest_route=\/wp\/v2\/posts\/18511\/revisions\/18522"}],"wp:featuredmedia":[{"embeddable":true,"href":"https:\/\/ooops.pl\/index.php?rest_route=\/wp\/v2\/media\/18516"}],"wp:attachment":[{"href":"https:\/\/ooops.pl\/index.php?rest_route=%2Fwp%2Fv2%2Fmedia&parent=18511"}],"wp:term":[{"taxonomy":"category","embeddable":true,"href":"https:\/\/ooops.pl\/index.php?rest_route=%2Fwp%2Fv2%2Fcategories&post=18511"},{"taxonomy":"post_tag","embeddable":true,"href":"https:\/\/ooops.pl\/index.php?rest_route=%2Fwp%2Fv2%2Ftags&post=18511"}],"curies":[{"name":"wp","href":"https:\/\/api.w.org\/{rel}","templated":true}]}}