{"id":17098,"date":"2012-04-26T06:32:37","date_gmt":"2012-04-26T05:32:37","guid":{"rendered":"https:\/\/ooops.pl\/?p=17098"},"modified":"2012-04-26T07:17:24","modified_gmt":"2012-04-26T06:17:24","slug":"nadal-2","status":"publish","type":"post","link":"https:\/\/ooops.pl\/?p=17098","title":{"rendered":"nadal."},"content":{"rendered":"<blockquote><p>Why were so many prominent modernist writers and philosophers attracted to <strong>fascist or authoritarian regimes<\/strong> in the first half of the twentieth century? A list of those who were not\u2014Samuel Beckett, James Joyce, Thomas Mann, and Robert Musil\u2014pales in comparison to a list of those who were\u2014Ezra Pound, William Butler Yeats, T. S. Eliot, Wyndham Lewis, Knut Hamsun, Paul de Man, Louis-Ferdinand C\u00e9line, Filippo Marinetti, Martin Heidegger, Robert Brasillach, and a host of others. Add to the latter the name of <strong>Gertrude Stein<\/strong>, one of the most avant-garde of modernist writers\u2026<\/p>\n<ol><a href=\"http:\/\/www.neh.gov\/humanities\/2012\/marchapril\/feature\/the-strange-politics-gertrude-stein\"><strong>The Strange Politics of Gertrude Stein <\/strong><\/a><br \/>\nBarbara Will<\/ol>\n<\/blockquote>\n<p><a href=\"http:\/\/www.pracownia52.pl\/\"><img loading=\"lazy\" decoding=\"async\" src=\"https:\/\/ooops.pl\/wp-content\/uploads\/2012\/04\/P4083023-low.jpg\" alt=\"\" title=\"P4083023-low\" width=\"650\" height=\"488\" class=\"alignnone size-full wp-image-17105\" srcset=\"https:\/\/ooops.pl\/wp-content\/uploads\/2012\/04\/P4083023-low.jpg 650w, https:\/\/ooops.pl\/wp-content\/uploads\/2012\/04\/P4083023-low-300x225.jpg 300w, https:\/\/ooops.pl\/wp-content\/uploads\/2012\/04\/P4083023-low-520x390.jpg 520w, https:\/\/ooops.pl\/wp-content\/uploads\/2012\/04\/P4083023-low-624x468.jpg 624w\" sizes=\"auto, (max-width: 650px) 100vw, 650px\" \/><\/a><br \/>\n<!--more--><br \/>\n&#8230;&#8230;&#8230;&#8230;&#8230;&#8230;&#8230;&#8230;..<br \/>\ni jeszcze kilka razy tu; ale nie chce mi si\u0119 szuka\u0107. niewiele z tych dyskusji wynika &#8212; bowiem ci, co s\u0142uchaj\u0105 [\u201eczytaj\u0105\u201d] &#8212; zwykle <em>wiedz\u0105<\/em>, a ci, co nie czytaj\u0105\u2026 wi\u0119kszo\u015b\u0107 <em>rz\u0105dzi<\/em>, wiadomo: demokracja. i st\u0105d.<br \/>\ncho\u0107: kto dzi\u015b czyta <strong>C\u00e9line<\/strong>&#8217;a? ja ju\u017c nie.<br \/>\n&#8230;&#8230;&#8230;&#8230;&#8230;&#8230;&#8230;&#8230;..<br \/>\ndlaczego? nie wiem. ale <a href=\"https:\/\/ooops.pl\/?p=8524\">nieustaj\u0105co<\/a>\u2026<br \/>\ngdy\u017c Demokracja &#8212; mo\u017ce <em>rozczarowywa\u0107<\/em> nie tylko na pocz. XX wieku.<br \/>\nLudzie <em>g\u0142osuj\u0105<\/em> Oboj\u0119tno\u015bci\u0105.<br \/>\nnajcz\u0119\u015bciej.<\/p>\n<ol>(ten bierut nie jest taki Z\u0142y; a zreszt\u0105 <strong><em>nie mamy wyboru<\/em><\/strong> &#8212; alternatywa jest przera\u017cajaca, przyjd\u0105 niemcy\u2026)<\/ol>\n<p>ten tusk, putin, obama, Lehman Bros.<br \/>\nnie s\u0105 tacy \u017ali.<br \/>\na zreszt\u0105.<br \/>\nJAK\u0104 MAMY ALTERNATYW\u0118.<br \/>\n&#8230;&#8230;&#8230;&#8230;&#8230;&#8230;&#8230;&#8230;..<br \/>\nnie czyta\u0107, nie wiedzie\u0107 \u2013 Lepiej.<br \/>\n(\u201ecz\u0142owiek przynajmniej si\u0119 nie zamartwia niepotrzebnie\u2026\u201d)<br \/>\n&#8230;&#8230;&#8230;&#8230;&#8230;&#8230;&#8230;&#8230;..<br \/>\ndo tego strachu przed <strong>my\u015bleniem<\/strong>, przed &#8212; w gruncie rzeczy Wiedz\u0105<br \/>\n(ka\u017cdy z nas \u2013 wie; w sumie &#8212; jak jest) &#8212; dochodzi, o, paradoksie! idealizacja Przesz\u0142o\u015bci: <\/p>\n<ol>\u201enajlepsze ju\u017c by\u0142o&#8221;.<\/ol>\n<p>(oczywi\u015bcie nie \u201ewczoraj\u201d a \u201eprzedwczoraj\u201d. Wczoraj jeszcze pami\u0119tamy. niekt\u00f3rzy.)<br \/>\nmix sentyment\u00f3w (re-) &#8212; i konformizmu.<br \/>\n&#8230;&#8230;&#8230;&#8230;&#8230;&#8230;&#8230;&#8230;..<br \/>\na <em>faszyzm?<\/em> (tu cudzys\u0142\u00f3w; gdy\u017c nie idzie tylko o totalitaryzmy <em>czyste<\/em> &#8212; a r\u00f3wnie\u017c o nie\u015bwiadomo\u015b\u0107 (niech\u0119\u0107 Do \u015bwiadomo\u015bci posiadania) \u2013 \u017cycia w demokracji takiej (np.), jak nasza\u2026<br \/>\ngdy\u017c mamy Demokracj\u0119, prawda?<br \/>\n<em>nareszcie we W\u0142asnym kraju\u2026<\/em><br \/>\n(= po Latach niewoli.)<br \/>\npo re\u017cymie.<br \/>\n(= nie tylko Gierka czy Antyteleranka. r\u00f3wnie\u017c [np.] Busha.)<br \/>\n&#8230;&#8230;&#8230;&#8230;&#8230;&#8230;&#8230;&#8230;..<br \/>\na po latach napiszemy wspomnienia<br \/>\n(wyda je Centrum Narodowej Kultury &#038; Bada\u0144 Nad Antytuskizmem)<br \/>\n&#8212; i\u017c <em>zawsze byli\u015bmy Przeciw<\/em>.<br \/>\nalbo nie napiszemy; ale b\u0119dziemy opowiada\u0107 Wnuczkom. o ile Dzieci nasze &#8212; b\u0119d\u0105 chcia\u0142y <em>mie\u0107<\/em> Dzieci, bo co\u015b ostatnio = nie wygl\u0105da\u2026<br \/>\ni trudno im si\u0119 dziwi\u0107: egoizm.<br \/>\njako dominuj\u0105ca <strong>forma ustrojowa<\/strong>, dzi\u015b.<br \/>\nwszystko pada, nawet idea ubezpiecze\u0144 spo\u0142ecznych <em>mi\u0119dzypokoleniowych<\/em> &#8212; prawda, panie Bismarck?<br \/>\nto jak tu nie idealizowa\u0107?<br \/>\n(= Przesz\u0142o\u015bci.)<br \/>\n+ (plus) Wodza. kt\u00f3ry <strong><em>Naprz\u00f3d i Do Ty\u0142u<\/em><\/strong> jednocze\u015bnie poprowadzi. do socjalizmu z kapitalistyczn\u0105 twarz\u0105; albo odwrotnie, gdy\u017c mnie si\u0119 ju\u017c wszystko myli.<br \/>\n&#8230;&#8230;&#8230;&#8230;&#8230;&#8230;&#8230;&#8230;..<br \/>\na do listy w cytacie wy\u017cej &#8212; mo\u017cna (by) doda\u0107 r\u00f3wnie d\u0142ug\u0105 = Zaczadzonych Tutejszych.<br \/>\n(dzi\u015b Bohater\u00f3w 1 strony Gazet, kt\u00f3re S\u0142usznie wybra\u0142y.)<br \/>\nale:<br \/>\npo co?<br \/>\ni tak wiadomo, \u017ce jestem Oszo\u0142omem, ergo: pisowskim.<br \/>\ntacy, jak ja.<br \/>\nkt\u00f3rzy; nie g\u0142osuj\u0105.<br \/>\n(\u2026)<br \/>\n(do internowania ewentualnie, <em>je\u015bliby<\/em> <strong>Demokracja<\/strong> by\u0142a zagro\u017cona; w Naszym. wiadomo. W\u0142adza musi czasem, dla Dobra\u2026)<br \/>\nno, tak.<\/p>\n","protected":false},"excerpt":{"rendered":"<p>Why were so many prominent modernist writers and philosophers attracted to fascist or authoritarian regimes in the first half of the twentieth century? A list of those who were not\u2014Samuel Beckett, James Joyce, Thomas Mann, and Robert Musil\u2014pales in comparison to a list of those who were\u2014Ezra Pound, William Butler Yeats, T. S. Eliot, Wyndham [&hellip;]<\/p>\n","protected":false},"author":1,"featured_media":17105,"comment_status":"open","ping_status":"open","sticky":false,"template":"","format":"standard","meta":{"footnotes":""},"categories":[409],"tags":[2653,116,2654,828,835,207,2652,212,367,400],"class_list":["post-17098","post","type-post","status-publish","format-standard","has-post-thumbnail","hentry","category-look-on-the-bright-side","tag-celine","tag-ego","tag-egoizm","tag-ezra-pound","tag-faszyzm","tag-konformizm","tag-konrad-lorenz","tag-korporacje","tag-totalitaryzmy","tag-xx-wiek"],"_links":{"self":[{"href":"https:\/\/ooops.pl\/index.php?rest_route=\/wp\/v2\/posts\/17098","targetHints":{"allow":["GET"]}}],"collection":[{"href":"https:\/\/ooops.pl\/index.php?rest_route=\/wp\/v2\/posts"}],"about":[{"href":"https:\/\/ooops.pl\/index.php?rest_route=\/wp\/v2\/types\/post"}],"author":[{"embeddable":true,"href":"https:\/\/ooops.pl\/index.php?rest_route=\/wp\/v2\/users\/1"}],"replies":[{"embeddable":true,"href":"https:\/\/ooops.pl\/index.php?rest_route=%2Fwp%2Fv2%2Fcomments&post=17098"}],"version-history":[{"count":29,"href":"https:\/\/ooops.pl\/index.php?rest_route=\/wp\/v2\/posts\/17098\/revisions"}],"predecessor-version":[{"id":17129,"href":"https:\/\/ooops.pl\/index.php?rest_route=\/wp\/v2\/posts\/17098\/revisions\/17129"}],"wp:featuredmedia":[{"embeddable":true,"href":"https:\/\/ooops.pl\/index.php?rest_route=\/wp\/v2\/media\/17105"}],"wp:attachment":[{"href":"https:\/\/ooops.pl\/index.php?rest_route=%2Fwp%2Fv2%2Fmedia&parent=17098"}],"wp:term":[{"taxonomy":"category","embeddable":true,"href":"https:\/\/ooops.pl\/index.php?rest_route=%2Fwp%2Fv2%2Fcategories&post=17098"},{"taxonomy":"post_tag","embeddable":true,"href":"https:\/\/ooops.pl\/index.php?rest_route=%2Fwp%2Fv2%2Ftags&post=17098"}],"curies":[{"name":"wp","href":"https:\/\/api.w.org\/{rel}","templated":true}]}}