{"id":16730,"date":"2012-04-01T07:20:29","date_gmt":"2012-04-01T06:20:29","guid":{"rendered":"https:\/\/ooops.pl\/?p=16730"},"modified":"2012-04-01T07:36:03","modified_gmt":"2012-04-01T06:36:03","slug":"mowilem-ze-bedzie-w-kolko-to-samo-klamalem","status":"publish","type":"post","link":"https:\/\/ooops.pl\/?p=16730","title":{"rendered":"m\u00f3wi\u0142em, \u017ce b\u0119dzie w k\u00f3\u0142ko to samo? k\u0142ama\u0142em\u2026"},"content":{"rendered":"<p>gdy m\u00f3wi\u0119, \u017ce to, co widz\u0119 &#8212; jest takie, jak widz\u0119 &#8212; pytaj\u0105: <em>za kim g\u0142osowa\u0142e\u015b<\/em>.<br \/>\n(odpowiadam: nie wiem, gdy\u017c.)<br \/>\ngdy m\u00f3wi\u0119, \u017ce wszystko ju\u017c by\u0142o, pytaj\u0105: <em>kiedy umar\u0142e\u015b<\/em>.<\/p>\n<blockquote><p>Brytyjska grupa Duran Duran wyst\u0105pi 25 czerwca, podczas pi\u0142karskich mistrzostw Europy, w Strefie Kibica na wroc\u0142awskim Rynku. W strefie odb\u0119d\u0105 si\u0119 r\u00f3wnie\u017c koncerty m.in. <a href=\"http:\/\/polskalokalna.pl\/wiadomosci\/dolnoslaskie\/wroclaw\/news\/duran-duran-podczas-euro-2012-we-wroclawiu,1779039,3324\">Maryli Rodowicz, grupy Kombii<\/a> i <strong>Ewy Farnej<\/strong>.<\/p><\/blockquote>\n<p>to prawda: nie wiem, kto to Ewa Farna. (na pewno Wielce Utalentowana, wielce.)<br \/>\nznaczy: nie wszystko by\u0142o.<br \/>\n&#8230;&#8230;&#8230;&#8230;&#8230;&#8230;&#8230;..<br \/>\ncho\u0107 mo\u017ce R\u0119kawiczka ta sama. a mo\u017ce inna.<br \/>\nkto wie, co jest Prawd\u0105 a co tylko Ju\u017c By\u0142o.<br \/>\n<br \/><a href=\"http:\/\/www.pracownia52.pl\/\"><img loading=\"lazy\" decoding=\"async\" src=\"https:\/\/ooops.pl\/wp-content\/uploads\/2012\/04\/P1122221low.jpg\" alt=\"\" title=\"P1122221low\" width=\"650\" height=\"488\" class=\"alignnone size-full wp-image-16732\" srcset=\"https:\/\/ooops.pl\/wp-content\/uploads\/2012\/04\/P1122221low.jpg 650w, https:\/\/ooops.pl\/wp-content\/uploads\/2012\/04\/P1122221low-300x225.jpg 300w, https:\/\/ooops.pl\/wp-content\/uploads\/2012\/04\/P1122221low-520x390.jpg 520w, https:\/\/ooops.pl\/wp-content\/uploads\/2012\/04\/P1122221low-624x468.jpg 624w\" sizes=\"auto, (max-width: 650px) 100vw, 650px\" \/><\/a><br \/>\n<!--more--><br \/>\n&#8230;&#8230;&#8230;&#8230;&#8230;&#8230;&#8230;..<\/p>\n<blockquote><p>Poci\u0105giem nad morze: <a href=\"http:\/\/www.tvnwarszawa.pl\/informacje,news,pociagiem-nad-morze-taniej-bo-dluzej,40084.html\">taniej bo d\u0142u\u017cej<\/a><\/p><\/blockquote>\n<p>podr\u00f3\u017cowa\u0107? a po co\u2026<br \/>\ntyle tu wida\u0107.<br \/>\nRzeczy &#038; Przedmiot\u00f3w &#8212; a gdzieniegdzie nawet i My\u015bl przebija.<br \/>\n&#8230;&#8230;&#8230;&#8230;&#8230;&#8230;&#8230;..<\/p>\n<blockquote><p>\u2013 Tr\u00f3jk\u0105t bermudzki. Chyba nawet za cara Miko\u0142aja tak \u017ale nie by\u0142o. Czasem si\u0119 zastanawiam, czy jakby nas <a href=\"http:\/\/www.rp.pl\/artykul\/19,852454-Degradacja-Polski-powiatowej.html\">przy\u0142\u0105czyli do \u0141ukaszenki<\/a>, to nie by\u0142oby \u0142atwiej\u2026<\/p><\/blockquote>\n<ol>(za <a href=\"http:\/\/strachprzed.blox.pl\/2012\/03\/a-na-gumnie-naszym-sielanka.html\">pani joe blog<\/a>; gdzie te\u017c jednak <a href=\"http:\/\/strachprzed.blox.pl\/2012\/03\/cooltura.html\">o Kulturze<\/a>.<\/ol>\n<p>a m\u00f3wi\u0105, \u017ce jestem Pesymist\u0105. \u0141\u017c\u0105. jeszcze \u017cyj\u0119.<\/p>\n","protected":false},"excerpt":{"rendered":"<p>gdy m\u00f3wi\u0119, \u017ce to, co widz\u0119 &#8212; jest takie, jak widz\u0119 &#8212; pytaj\u0105: za kim g\u0142osowa\u0142e\u015b. (odpowiadam: nie wiem, gdy\u017c.) gdy m\u00f3wi\u0119, \u017ce wszystko ju\u017c by\u0142o, pytaj\u0105: kiedy&#8230;<\/p>\n","protected":false},"author":1,"featured_media":16732,"comment_status":"open","ping_status":"open","sticky":false,"template":"","format":"standard","meta":{"footnotes":""},"categories":[1],"tags":[89,119,823,2633,2631,260,1601,309,2634,2632],"class_list":["post-16730","post","type-post","status-publish","format-standard","has-post-thumbnail","hentry","category-inne","tag-centrala","tag-emeryci","tag-euro","tag-kombi","tag-maryla","tag-muzyka-2","tag-pkp","tag-propaganda","tag-prowincja","tag-rodowicz"],"_links":{"self":[{"href":"https:\/\/ooops.pl\/index.php?rest_route=\/wp\/v2\/posts\/16730","targetHints":{"allow":["GET"]}}],"collection":[{"href":"https:\/\/ooops.pl\/index.php?rest_route=\/wp\/v2\/posts"}],"about":[{"href":"https:\/\/ooops.pl\/index.php?rest_route=\/wp\/v2\/types\/post"}],"author":[{"embeddable":true,"href":"https:\/\/ooops.pl\/index.php?rest_route=\/wp\/v2\/users\/1"}],"replies":[{"embeddable":true,"href":"https:\/\/ooops.pl\/index.php?rest_route=%2Fwp%2Fv2%2Fcomments&post=16730"}],"version-history":[{"count":16,"href":"https:\/\/ooops.pl\/index.php?rest_route=\/wp\/v2\/posts\/16730\/revisions"}],"predecessor-version":[{"id":16747,"href":"https:\/\/ooops.pl\/index.php?rest_route=\/wp\/v2\/posts\/16730\/revisions\/16747"}],"wp:featuredmedia":[{"embeddable":true,"href":"https:\/\/ooops.pl\/index.php?rest_route=\/wp\/v2\/media\/16732"}],"wp:attachment":[{"href":"https:\/\/ooops.pl\/index.php?rest_route=%2Fwp%2Fv2%2Fmedia&parent=16730"}],"wp:term":[{"taxonomy":"category","embeddable":true,"href":"https:\/\/ooops.pl\/index.php?rest_route=%2Fwp%2Fv2%2Fcategories&post=16730"},{"taxonomy":"post_tag","embeddable":true,"href":"https:\/\/ooops.pl\/index.php?rest_route=%2Fwp%2Fv2%2Ftags&post=16730"}],"curies":[{"name":"wp","href":"https:\/\/api.w.org\/{rel}","templated":true}]}}