{"id":16008,"date":"2012-02-24T07:21:20","date_gmt":"2012-02-24T06:21:20","guid":{"rendered":"https:\/\/ooops.pl\/?p=16008"},"modified":"2012-02-24T07:22:14","modified_gmt":"2012-02-24T06:22:14","slug":"to-idzie-mlodosc-odc","status":"publish","type":"post","link":"https:\/\/ooops.pl\/?p=16008","title":{"rendered":"to idzie M\u0142odo\u015b\u0107 (odc. \u2026)"},"content":{"rendered":"<blockquote><p><a href=\"http:\/\/www.radiouniwersytet.pl\/archiwum\/112-08122008-adam-martuzalski-acapulco.html\"><strong>Adam Martuzalski<\/strong><\/a> (facebook)<br \/>\nSBB \u2013 graj\u0105 czysto \u2013 dlatego dotychczas nie grali na festiwalu? czas to zmieni\u0107. SBB.<br \/>\n(\u2026) Nowy jarocinski festiwal b\u0119dzie otwarty na historii\u0119 muzyki, je\u015bli kto\u015b rzuci\u0142 has\u0142o, \u017ce festiwal ma 30 lat \u2013 by\u0142 i jest w b\u0142\u0119dzie\u2026 Wystarczy pos\u0142ucha\u0107 polskiej kapeli wszechczas\u00f3w SBB. Tak, jako zesp\u00f3\u0142 nie grali na WRM, ale J\u00f3zef gra\u0142 na organach w ko\u015bciele \u015aw. Jerzego na mszy za muzyk\u00f3w w 1987 roku\u2026<\/p><\/blockquote>\n<p>si\u0119gnijmy do G\u0142\u0119bokich Rezerw Kadrowych.<br \/>\n<br \/><a href=\"http:\/\/www.pracownia52.pl\/\"><img loading=\"lazy\" decoding=\"async\" src=\"https:\/\/ooops.pl\/wp-content\/uploads\/2012\/02\/skrzek-szulkin-1.jpg\" alt=\"\" title=\"skrzek-szulkin-1\" width=\"500\" height=\"337\" class=\"alignnone size-full wp-image-16011\" srcset=\"https:\/\/ooops.pl\/wp-content\/uploads\/2012\/02\/skrzek-szulkin-1.jpg 500w, https:\/\/ooops.pl\/wp-content\/uploads\/2012\/02\/skrzek-szulkin-1-300x202.jpg 300w\" sizes=\"auto, (max-width: 500px) 100vw, 500px\" \/><\/a><br \/>\n<!--more--><br \/>\n&#8230;&#8230;&#8230;&#8230;.<br \/>\nps.<br \/>\nzdj\u0119cie z 1978, z nagrywania (WFD) muzyki do filmu <a href=\"http:\/\/pracownia52.pl\/www\/?s=szulkin\"><strong>piotra szulkina<\/strong><\/a> \u201egolem&#8221;. wtedy nawet jeszcze wojny \u015bwiat\u00f3w nie by\u0142o na \u015bwiecie &#8212; a co dopiero rocka\u2026<\/p>\n","protected":false},"excerpt":{"rendered":"<p>Adam Martuzalski (facebook) SBB \u2013 graj\u0105 czysto \u2013 dlatego dotychczas nie grali na festiwalu? czas to zmieni\u0107. SBB. (\u2026) Nowy jarocinski festiwal b\u0119dzie otwarty na historii\u0119 muzyki, je\u015bli kto\u015b rzuci\u0142 has\u0142o, \u017ce festiwal ma 30 lat \u2013 by\u0142 i jest w b\u0142\u0119dzie\u2026 Wystarczy pos\u0142ucha\u0107 polskiej kapeli wszechczas\u00f3w SBB. Tak, jako zesp\u00f3\u0142 nie grali na WRM, [&hellip;]<\/p>\n","protected":false},"author":1,"featured_media":16011,"comment_status":"open","ping_status":"open","sticky":false,"template":"","format":"standard","meta":{"footnotes":""},"categories":[4],"tags":[119,180,1518,2334,2591],"class_list":["post-16008","post","type-post","status-publish","format-standard","has-post-thumbnail","hentry","category-muzyka","tag-emeryci","tag-jarocin","tag-ordery","tag-sbb","tag-skrzek"],"_links":{"self":[{"href":"https:\/\/ooops.pl\/index.php?rest_route=\/wp\/v2\/posts\/16008","targetHints":{"allow":["GET"]}}],"collection":[{"href":"https:\/\/ooops.pl\/index.php?rest_route=\/wp\/v2\/posts"}],"about":[{"href":"https:\/\/ooops.pl\/index.php?rest_route=\/wp\/v2\/types\/post"}],"author":[{"embeddable":true,"href":"https:\/\/ooops.pl\/index.php?rest_route=\/wp\/v2\/users\/1"}],"replies":[{"embeddable":true,"href":"https:\/\/ooops.pl\/index.php?rest_route=%2Fwp%2Fv2%2Fcomments&post=16008"}],"version-history":[{"count":6,"href":"https:\/\/ooops.pl\/index.php?rest_route=\/wp\/v2\/posts\/16008\/revisions"}],"predecessor-version":[{"id":16015,"href":"https:\/\/ooops.pl\/index.php?rest_route=\/wp\/v2\/posts\/16008\/revisions\/16015"}],"wp:featuredmedia":[{"embeddable":true,"href":"https:\/\/ooops.pl\/index.php?rest_route=\/wp\/v2\/media\/16011"}],"wp:attachment":[{"href":"https:\/\/ooops.pl\/index.php?rest_route=%2Fwp%2Fv2%2Fmedia&parent=16008"}],"wp:term":[{"taxonomy":"category","embeddable":true,"href":"https:\/\/ooops.pl\/index.php?rest_route=%2Fwp%2Fv2%2Fcategories&post=16008"},{"taxonomy":"post_tag","embeddable":true,"href":"https:\/\/ooops.pl\/index.php?rest_route=%2Fwp%2Fv2%2Ftags&post=16008"}],"curies":[{"name":"wp","href":"https:\/\/api.w.org\/{rel}","templated":true}]}}