{"id":12554,"date":"2011-07-20T18:41:59","date_gmt":"2011-07-20T07:11:59","guid":{"rendered":"https:\/\/ooops.pl\/?p=12554"},"modified":"2011-07-20T18:41:59","modified_gmt":"2011-07-20T07:11:59","slug":"namieszamy-jak-zwykle","status":"publish","type":"post","link":"https:\/\/ooops.pl\/?p=12554","title":{"rendered":"nami\u0119szamy? (jak zwykle.)"},"content":{"rendered":"<blockquote><p><a href=\"http:\/\/jarocinfestiwal.com\/?p=85\">To co\u015b trudnego do wyt\u0142umaczenia.<br \/>\nCo\u015b niewidocznego ale wa\u017cnego<\/a>.<br \/>\nTo tzw. \u201epolskie podej\u015bcie\u201d, kt\u00f3re czuj\u0119 ca\u0142y czas czytaj\u0105c Ksi\u0119g\u0119.<br \/>\nCzyli \u201edoszukiwanie si\u0119 konflikt\u00f3w\u201d .<br \/>\nI nie chodzi mi o to aby o Jarocinie (czy te\u017c, za przeproszeniem \u201eo mnie\u201d) pisano wy\u0142\u0105cznie lukrowe laurki.<br \/>\nMam to \u201egdzie\u015b\u201d bo by\u0142em, robi\u0142em, \u017cy\u0142em, widzia\u0142em, prze\u017cy\u0142em tam najwspanialsze lata mojego \u017cycia.<\/p>\n<p>I wiem co w Waszej ksi\u0105\u017cce jest prawd\u0105 a co subiektywn\u0105 relacj\u0105.<br \/>\nMusze si\u0119 jednak odnie\u015b\u0107 do\u2026<br \/>\n(\u2026)<\/p><\/blockquote>\n<p>i uprasza si\u0119 o (ew.) komentarze \u2013 <a href=\"http:\/\/jarocinfestiwal.com\/?p=85\">Tam<\/a>. porz\u0105dek musi by\u0107.<br \/>\n<br \/><a href=\"http:\/\/www.facebook.com\/groups\/252064081474150?notif_t=group_activity\"><img loading=\"lazy\" decoding=\"async\" src=\"https:\/\/ooops.pl\/wp-content\/uploads\/2011\/07\/02b-jarocin-1989-001-stadion-mod.jpg\" alt=\"\" title=\"02b-jarocin-1989-001-stadion-mod\" width=\"800\" height=\"534\" class=\"alignnone size-full wp-image-12557\" srcset=\"https:\/\/ooops.pl\/wp-content\/uploads\/2011\/07\/02b-jarocin-1989-001-stadion-mod.jpg 800w, https:\/\/ooops.pl\/wp-content\/uploads\/2011\/07\/02b-jarocin-1989-001-stadion-mod-300x200.jpg 300w, https:\/\/ooops.pl\/wp-content\/uploads\/2011\/07\/02b-jarocin-1989-001-stadion-mod-768x513.jpg 768w, https:\/\/ooops.pl\/wp-content\/uploads\/2011\/07\/02b-jarocin-1989-001-stadion-mod-390x260.jpg 390w, https:\/\/ooops.pl\/wp-content\/uploads\/2011\/07\/02b-jarocin-1989-001-stadion-mod-520x347.jpg 520w, https:\/\/ooops.pl\/wp-content\/uploads\/2011\/07\/02b-jarocin-1989-001-stadion-mod-740x494.jpg 740w, https:\/\/ooops.pl\/wp-content\/uploads\/2011\/07\/02b-jarocin-1989-001-stadion-mod-624x417.jpg 624w\" sizes=\"auto, (max-width: 800px) 100vw, 800px\" \/><\/a><br \/>\n<!--more--><br \/>\nach, i dodam, bo rano ju\u017c wysz\u0142o:<br \/>\n\u2013 mog\u0119 dyskutowa\u0107; ale nie z czym\u015b takim (to nie Ty, Walterze; to <strong>Grzegorz K. Witkowski<\/strong>) &#8212; o mnie:<\/p>\n<blockquote><p>Co do reklamowanej strony\/bloga to <a href=\"http:\/\/www.facebook.com\/groups\/252064081474150?notif_t=group_activity\">Pan ukrad\u0142e\u015b<\/a> adres internetowy, kt\u00f3ry stosuj\u0119 od roku 1999 (\u2026) Co do samego albumu fotograficznego, \u017ceby ju\u017c wyja\u015bni\u0107, mam email, w kt\u00f3rym Konrad W. pisze wyra\u017anie do kogo\u015b, \u017ce ja r\u00f3wnie\u017c jestem autorem tego albumu. Chocia\u017cby dlatego pewnie, \u017ce jest oparty na moich zbiorach, cho\u0107 nie wykonanych fizycznie przeze mnie (\u2026) <\/p><\/blockquote>\n<p>a tu: ca\u0142y text, coby nie by\u0142o, \u017ce \u201emanipuluj\u0119 i kradn\u0119&#8221;<br \/>\n(i tak b\u0119dzie.)<\/p>\n<blockquote><p><strong>Jarocin Festiwal<\/strong><\/p><\/blockquote>\n<p>(to <strong>Grzegorz K. Witkowski<\/strong>, podpisuj\u0105cy si\u0119 \u201eJarocin Festiwal&#8221;, jak \u017besz skromnie\u2026)<\/p>\n<blockquote><p>Mam pro\u015bb\u0119 do Miros\u0142awa M. Prosz\u0119 si\u0119 w t\u0142umaczeniach nie podpiera\u0107 moimi wywiadami, bo nic w nich nie by\u0142o \u201eciekawego\u201d o Walterze. A powstaje niejasna sytuacja, \u017ce wymienione wy\u017cej dwie osoby oskar\u017cone co\u015b mi powiedzia\u0142y. Owszem by\u0142a jedna osoba, kt\u00f3ra co\u015b tam powiedzia\u0142a, ale wywiad si\u0119 skasowa\u0142 i raczej nie mam zamiaru do tej sprawy powraca\u0107, bo jest to bez sensu \u2013 podsumowuj\u0105c ca\u0142o\u015b\u0107.<\/p>\n<p>Co do reklamowanej strony\/bloga to Pan ukrad\u0142e\u015b adres internetowy, kt\u00f3ry stosuj\u0119 od roku 1999. Wywalaj\u0105c jedynie \u201e-\u201d. To jest zjawisko opisane ju\u017c dawno w Internecie. Poluje si\u0119 na tzw klikni\u0119cia, i bazuje na ma\u0142ej wiedzy potencjalnych Internaut\u00f3w. Gdzie\u015b chyba ko\u0142o roku 2000 za\u0142o\u017cy\u0142em na wszelki wypadek domen\u0119 o nazwie bez \u201e-\u201d. Ale po roku zrezygnowa\u0142em. W ci\u0105gu 10 lat nie znalaz\u0142 si\u0119 \u017caden z\u0142odziej internetowych klikni\u0119\u0107, a\u017c do roku 2011.<\/p>\n<p>Co do samego albumu fotograficznego, \u017ceby ju\u017c wyja\u015bni\u0107, mam email, w kt\u00f3rym Konrad W. pisze wyra\u017anie do kogo\u015b, \u017ce ja r\u00f3wnie\u017c jestem autorem tego albumu. Chocia\u017cby dlatego pewnie, \u017ce jest oparty na moich zbiorach, cho\u0107 nie wykonanych fizycznie przeze mnie. Reszta to ju\u017c sytuacja podobna do ksi\u0105\u017cki o Perfekcie, i Seweryn Reszka m\u00f3g\u0142by si\u0119 tu wypowiedzie\u0107. A by\u0107 mo\u017ce beze mnie nie mia\u0142by\u015b Pan tej pracy. Bo ja Pana wybra\u0142em na wsp\u00f3\u0142pracownika. Ale cz\u0142owiek uczy si\u0119 na b\u0142\u0119dach.<\/p>\n<p>Co do Konrada W. to Pan te\u017c jaki\u015b dziwny jeste\u015b. Robisz Pan zdj\u0119cia zaplecza sceny i zadajesz Pan pytanie: \u201eGdzie s\u0105 ludzie?\u201d Ludzie s\u0105 z przodu sceny zazwyczaj. A Pan chyba z\u0142o\u015bliwie takie rzeczy robisz, bo nie wierz\u0119, \u017ce z g\u0142upoty. No chyba, \u017ce z zazdro\u015bci, \u017ce by\u0142o naprawd\u0119 super spotkanie po latach i fajny hepening w postaci has\u0142a \u201eKoniec prohibicji w Jarocinie\u201d. Jak Walterowi si\u0119 podoba\u0142o, to czuj\u0119 si\u0119 wyr\u00f3\u017cniony naprawd\u0119 i komusze foto sztuczki mi nie przeszkadzaj\u0105 dop czasu, gdy nie pokazuj\u0105 reali\u00f3w.<\/p>\n<p>Walter te\u017c s\u0142usznie prosi o pisanie ludzkim j\u0119zykiem. Nic nie mo\u017cna zrozumie\u0107 niestety i wygl\u0105da to na jakie\u015b \u201elawirowanie\u201d.<\/p>\n<p>Co mia\u0142em powiedzie\u0107 \u2013 napisa\u0142em.<\/p><\/blockquote>\n<p>oraz w 2 fragmencie:<\/p>\n<blockquote><p><strong>Jarocin Festiwal<\/strong><br \/>\nRobert: Ja ju\u017c sko\u0144czy\u0142em. Mam pozwoli\u0107, \u017ceby kto\u015b mn\u0105 pomiata\u0142? I k\u0142amstwa rozsiewa\u0142? Przuchodzi do mnie cz\u0142owiek i m\u00f3wi: ale cie w ch*** zrobili. Mam powiedziec, spoko nadstawie drugi? To nie po chrze\u015bcija\u0144sku :-)<\/p><\/blockquote>\n<p>tak: z tego &#8212; wszystko mo\u017cna zrozumie\u0107, wszystko.<br \/>\njestem, ja makowski &#8212; <strong>Z\u0142odziejem, Manipulatorem i K\u0142amc\u0105, wsp\u00f3\u0142dzia\u0142aj\u0105cym z Konradowym Imperjalizmem Pod Plaszczykiem<\/strong>\u2026<\/p>\n","protected":false},"excerpt":{"rendered":"<p>To co\u015b trudnego do wyt\u0142umaczenia. Co\u015b niewidocznego ale wa\u017cnego. To tzw. \u201epolskie podej\u015bcie\u201d, kt\u00f3re czuj\u0119 ca\u0142y czas czytaj\u0105c Ksi\u0119g\u0119. Czyli \u201edoszukiwanie si\u0119 konflikt\u00f3w\u201d . I nie chodzi mi o to aby o Jarocinie (czy te\u017c, za przeproszeniem \u201eo mnie\u201d) pisano wy\u0142\u0105cznie lukrowe laurki. Mam to \u201egdzie\u015b\u201d bo by\u0142em, robi\u0142em, \u017cy\u0142em, widzia\u0142em, prze\u017cy\u0142em tam najwspanialsze lata [&hellip;]<\/p>\n","protected":false},"author":1,"featured_media":12557,"comment_status":"open","ping_status":"open","sticky":false,"template":"","format":"standard","meta":{"footnotes":""},"categories":[4],"tags":[2410,180,392],"class_list":["post-12554","post","type-post","status-publish","format-standard","has-post-thumbnail","hentry","category-muzyka","tag-j8","tag-jarocin","tag-wolnosc"],"_links":{"self":[{"href":"https:\/\/ooops.pl\/index.php?rest_route=\/wp\/v2\/posts\/12554","targetHints":{"allow":["GET"]}}],"collection":[{"href":"https:\/\/ooops.pl\/index.php?rest_route=\/wp\/v2\/posts"}],"about":[{"href":"https:\/\/ooops.pl\/index.php?rest_route=\/wp\/v2\/types\/post"}],"author":[{"embeddable":true,"href":"https:\/\/ooops.pl\/index.php?rest_route=\/wp\/v2\/users\/1"}],"replies":[{"embeddable":true,"href":"https:\/\/ooops.pl\/index.php?rest_route=%2Fwp%2Fv2%2Fcomments&post=12554"}],"version-history":[{"count":3,"href":"https:\/\/ooops.pl\/index.php?rest_route=\/wp\/v2\/posts\/12554\/revisions"}],"predecessor-version":[{"id":12558,"href":"https:\/\/ooops.pl\/index.php?rest_route=\/wp\/v2\/posts\/12554\/revisions\/12558"}],"wp:featuredmedia":[{"embeddable":true,"href":"https:\/\/ooops.pl\/index.php?rest_route=\/wp\/v2\/media\/12557"}],"wp:attachment":[{"href":"https:\/\/ooops.pl\/index.php?rest_route=%2Fwp%2Fv2%2Fmedia&parent=12554"}],"wp:term":[{"taxonomy":"category","embeddable":true,"href":"https:\/\/ooops.pl\/index.php?rest_route=%2Fwp%2Fv2%2Fcategories&post=12554"},{"taxonomy":"post_tag","embeddable":true,"href":"https:\/\/ooops.pl\/index.php?rest_route=%2Fwp%2Fv2%2Ftags&post=12554"}],"curies":[{"name":"wp","href":"https:\/\/api.w.org\/{rel}","templated":true}]}}