{"id":12438,"date":"2011-07-13T17:57:02","date_gmt":"2011-07-13T06:27:02","guid":{"rendered":"https:\/\/ooops.pl\/?p=12438"},"modified":"2011-07-13T17:57:02","modified_gmt":"2011-07-13T06:27:02","slug":"spelnily-sie-najgorsze-obawy%e2%80%a6","status":"publish","type":"post","link":"https:\/\/ooops.pl\/?p=12438","title":{"rendered":"spe\u0142ni\u0142y si\u0119 najgorsze Obawy\u2026"},"content":{"rendered":"<p>\u2026Pana <a href=\"http:\/\/analogicznie.wordpress.com\/\">analoga<\/a>.<\/p>\n<blockquote><p>(\u2026) zdj\u0119\u0107 z festiwalu Jarocin, kt\u00f3re wzbogac\u0105 pi\u0105tkow\u0105 rozmow\u0119 w \u201ePytaniu <strong>na \u015bniadanie<\/strong>\u201d TVP2.<br \/>\nZ g\u00f3ry dzi\u0119kuj\u0119 (\u2026)<\/p><\/blockquote>\n<p><a href=\"http:\/\/jarocinfestiwal.com\/?p=35\"><img loading=\"lazy\" decoding=\"async\" src=\"https:\/\/ooops.pl\/wp-content\/uploads\/2011\/07\/140-141-prezentacja-album-jarocin-KW-MRM-low-res.jpg\" alt=\"\" title=\"140-141-prezentacja-album-jarocin-KW-MRM-low-res\" width=\"800\" height=\"450\" class=\"alignnone size-full wp-image-12454\" srcset=\"https:\/\/ooops.pl\/wp-content\/uploads\/2011\/07\/140-141-prezentacja-album-jarocin-KW-MRM-low-res.jpg 800w, https:\/\/ooops.pl\/wp-content\/uploads\/2011\/07\/140-141-prezentacja-album-jarocin-KW-MRM-low-res-300x169.jpg 300w, https:\/\/ooops.pl\/wp-content\/uploads\/2011\/07\/140-141-prezentacja-album-jarocin-KW-MRM-low-res-768x432.jpg 768w, https:\/\/ooops.pl\/wp-content\/uploads\/2011\/07\/140-141-prezentacja-album-jarocin-KW-MRM-low-res-520x293.jpg 520w, https:\/\/ooops.pl\/wp-content\/uploads\/2011\/07\/140-141-prezentacja-album-jarocin-KW-MRM-low-res-740x416.jpg 740w, https:\/\/ooops.pl\/wp-content\/uploads\/2011\/07\/140-141-prezentacja-album-jarocin-KW-MRM-low-res-624x351.jpg 624w\" sizes=\"auto, (max-width: 800px) 100vw, 800px\" \/><\/a><\/p>\n","protected":false},"excerpt":{"rendered":"<p>\u2026Pana analoga. (\u2026) zdj\u0119\u0107 z festiwalu Jarocin, kt\u00f3re wzbogac\u0105 pi\u0105tkow\u0105 rozmow\u0119 w \u201ePytaniu na \u015bniadanie\u201d TVP2. Z g\u00f3ry dzi\u0119kuj\u0119 (\u2026)<\/p>\n","protected":false},"author":1,"featured_media":12454,"comment_status":"open","ping_status":"open","sticky":false,"template":"","format":"standard","meta":{"footnotes":""},"categories":[4],"tags":[762,119,2432,180,2433,2431,13,2430],"class_list":["post-12438","post","type-post","status-publish","format-standard","has-post-thumbnail","hentry","category-muzyka","tag-dzem","tag-emeryci","tag-geriavit","tag-jarocin","tag-kasza-manna","tag-kleik","tag-media","tag-sniadanie"],"_links":{"self":[{"href":"https:\/\/ooops.pl\/index.php?rest_route=\/wp\/v2\/posts\/12438","targetHints":{"allow":["GET"]}}],"collection":[{"href":"https:\/\/ooops.pl\/index.php?rest_route=\/wp\/v2\/posts"}],"about":[{"href":"https:\/\/ooops.pl\/index.php?rest_route=\/wp\/v2\/types\/post"}],"author":[{"embeddable":true,"href":"https:\/\/ooops.pl\/index.php?rest_route=\/wp\/v2\/users\/1"}],"replies":[{"embeddable":true,"href":"https:\/\/ooops.pl\/index.php?rest_route=%2Fwp%2Fv2%2Fcomments&post=12438"}],"version-history":[{"count":8,"href":"https:\/\/ooops.pl\/index.php?rest_route=\/wp\/v2\/posts\/12438\/revisions"}],"predecessor-version":[{"id":12458,"href":"https:\/\/ooops.pl\/index.php?rest_route=\/wp\/v2\/posts\/12438\/revisions\/12458"}],"wp:featuredmedia":[{"embeddable":true,"href":"https:\/\/ooops.pl\/index.php?rest_route=\/wp\/v2\/media\/12454"}],"wp:attachment":[{"href":"https:\/\/ooops.pl\/index.php?rest_route=%2Fwp%2Fv2%2Fmedia&parent=12438"}],"wp:term":[{"taxonomy":"category","embeddable":true,"href":"https:\/\/ooops.pl\/index.php?rest_route=%2Fwp%2Fv2%2Fcategories&post=12438"},{"taxonomy":"post_tag","embeddable":true,"href":"https:\/\/ooops.pl\/index.php?rest_route=%2Fwp%2Fv2%2Ftags&post=12438"}],"curies":[{"name":"wp","href":"https:\/\/api.w.org\/{rel}","templated":true}]}}