{"id":1223,"date":"2006-04-15T13:35:15","date_gmt":"2006-04-15T11:35:15","guid":{"rendered":"http:\/\/www.ooops.pl\/makowskiundpepe\/?p=1223"},"modified":"2006-04-15T13:35:15","modified_gmt":"2006-04-15T11:35:15","slug":"%e2%80%9e%e2%80%a6zarzuty-ze-nie-wpisalem-portalu-do-rejestru-dziennikow-i-czasopism%e2%80%a6","status":"publish","type":"post","link":"https:\/\/ooops.pl\/?p=1223","title":{"rendered":"\u201e\u2026zarzuty, \u017ce nie wpisa\u0142em portalu do rejestru dziennik\u00f3w i czasopism\u2026&quot;"},"content":{"rendered":"<p>rzecz jest (chyba jednak) powa\u017cna, ale\u2026<\/p>\n<ol><i>Zosta\u0142em ju\u017c przes\u0142uchany. Zrobiono mi zdj\u0119cia, jak przest\u0119pcy. Przy okazji absurdalnej i zupe\u0142nie chorej dla mnie sytuacji, policjant robi\u0105cy mi zdj\u0119cia rozbawi\u0142 mnie do \u0142ez.<br \/>\nZapyta\u0142:<br \/>\n\u2013 Jaki ma pan kolor w\u0142os\u00f3w?<br \/>\n\u2013 Jestem \u0142ysy \u2013 odpar\u0142em.<br \/>\nOn na to:<br \/>\n\u2013 Ale ja tu nie mam takiej rubryki. Mam blondyn, szatyn, rudy&#8230; Jakie mia\u0142 pan w\u0142osy wcze\u015bniej?<br \/>\nCa\u0142a sytuacja przypomina\u0142a mi kabaret albo klimaty zaczerpni\u0119te wprost z Mro\u017cka.<br \/>\nOdpar\u0142em:<br \/>\n\u2013 Wcze\u015bniej, gdy by\u0142em ma\u0142y, to by\u0142em blondynkiem, potem nieco mi w\u0142osy \u015bciemnia\u0142y, a\u017c wy\u0142ysia\u0142em, niestety.<br \/>\n\u2013 To ja <a href=\"http:\/\/gby.pl\/news\/czekam_na_sad\/\"target=\"_blank\">wpisz\u0119 pana jako blondyn, dobrze? \u2013 powiedzia\u0142 policjant.<br \/>\n(\u2026)<\/a><\/i><br \/>\nByt\u00f3w od Kartuz dzieli jakie\u015b 50 km. Jednak, gdybym prowadzi\u0142 portal <a href=\"http:\/\/gby.pl\/\"target=\"_blank\"><b>gby.pl<\/b><\/a> w Kartuzach, to tamtejszy prokurator w og\u00f3le nie zaj\u0105\u0142by si\u0119 szukaniem paragraf\u00f3w na mnie. Mieszkam jednak w Bytowie. A tu, wida\u0107, obowi\u0105zuje inne prawo.<\/ol>\n<p>(a nadesla\u0142a: <b>pani Paj\u0119czak<\/b>. bez linku; a bo chwilowo na emigracji od-Sieciowej. jeszcze wolno ;-)<\/p>\n","protected":false},"excerpt":{"rendered":"<p>rzecz jest (chyba jednak) powa\u017cna, ale\u2026 Zosta\u0142em ju\u017c przes\u0142uchany. Zrobiono mi zdj\u0119cia, jak przest\u0119pcy. Przy okazji absurdalnej i zupe\u0142nie chorej dla mnie sytuacji, policjant robi\u0105cy mi zdj\u0119cia rozbawi\u0142 mnie do \u0142ez. Zapyta\u0142: \u2013 Jaki ma pan kolor w\u0142os\u00f3w? \u2013 Jestem \u0142ysy \u2013 odpar\u0142em. On na to: \u2013 Ale ja tu nie mam takiej rubryki. Mam [&hellip;]<\/p>\n","protected":false},"author":2,"featured_media":0,"comment_status":"open","ping_status":"open","sticky":false,"template":"","format":"standard","meta":{"footnotes":""},"categories":[17],"tags":[],"class_list":["post-1223","post","type-post","status-publish","format-standard","hentry","category-prawa-autorskie"],"_links":{"self":[{"href":"https:\/\/ooops.pl\/index.php?rest_route=\/wp\/v2\/posts\/1223","targetHints":{"allow":["GET"]}}],"collection":[{"href":"https:\/\/ooops.pl\/index.php?rest_route=\/wp\/v2\/posts"}],"about":[{"href":"https:\/\/ooops.pl\/index.php?rest_route=\/wp\/v2\/types\/post"}],"author":[{"embeddable":true,"href":"https:\/\/ooops.pl\/index.php?rest_route=\/wp\/v2\/users\/2"}],"replies":[{"embeddable":true,"href":"https:\/\/ooops.pl\/index.php?rest_route=%2Fwp%2Fv2%2Fcomments&post=1223"}],"version-history":[{"count":0,"href":"https:\/\/ooops.pl\/index.php?rest_route=\/wp\/v2\/posts\/1223\/revisions"}],"wp:attachment":[{"href":"https:\/\/ooops.pl\/index.php?rest_route=%2Fwp%2Fv2%2Fmedia&parent=1223"}],"wp:term":[{"taxonomy":"category","embeddable":true,"href":"https:\/\/ooops.pl\/index.php?rest_route=%2Fwp%2Fv2%2Fcategories&post=1223"},{"taxonomy":"post_tag","embeddable":true,"href":"https:\/\/ooops.pl\/index.php?rest_route=%2Fwp%2Fv2%2Ftags&post=1223"}],"curies":[{"name":"wp","href":"https:\/\/api.w.org\/{rel}","templated":true}]}}