{"id":11701,"date":"2011-05-27T18:46:52","date_gmt":"2011-05-27T07:16:52","guid":{"rendered":"https:\/\/ooops.pl\/?p=11701"},"modified":"2011-05-27T20:07:54","modified_gmt":"2011-05-27T08:37:54","slug":"nie-powinienem-ale","status":"publish","type":"post","link":"https:\/\/ooops.pl\/?p=11701","title":{"rendered":"nie powinienem, ale."},"content":{"rendered":"<p>ale to (nie tylko) o Naszej; no to.<br \/>\n(= o dworcu w katowicach; kt\u00f3rego te\u017c ju\u017c pono\u0107 nie ma.)<\/p>\n<blockquote><p>Nie jestem autorem tej ksi\u0105\u017cki, ale jej wydawc\u0105, i na zaproszenie Szanownych Pan\u00f3w przyjecha\u0142em tu z Katowic, eee, ze \u015al\u0105ska. Mam pewien problem z m\u00f3wieniem, \u017ce przyjecha\u0142em z Katowic. Przez wi\u0119kszo\u015b\u0107 \u017cycia mieszka\u0142em w Bytomiu i po przeprowadzce do Katowic odczuwam ogromn\u0105 r\u00f3\u017cnic\u0119. Bo Bytom ma to co\u015b, czego Katowice nie maj\u0105. Co\u015b nieokre\u015blonego. Ducha\u2026<\/p><\/blockquote>\n<p><img loading=\"lazy\" decoding=\"async\" src=\"https:\/\/ooops.pl\/wp-content\/uploads\/2011\/05\/katowice.jpg\" alt=\"\" title=\"katowice\" width=\"550\" height=\"391\" class=\"alignnone size-full wp-image-11705\" srcset=\"https:\/\/ooops.pl\/wp-content\/uploads\/2011\/05\/katowice.jpg 550w, https:\/\/ooops.pl\/wp-content\/uploads\/2011\/05\/katowice-300x213.jpg 300w, https:\/\/ooops.pl\/wp-content\/uploads\/2011\/05\/katowice-520x370.jpg 520w\" sizes=\"auto, (max-width: 550px) 100vw, 550px\" \/><br \/>\n<!--more--><\/p>\n<blockquote><p>Wed\u0142ug tych, kt\u00f3rzy t\u0119 ksi\u0105\u017ck\u0119 czytali ona te\u017c co\u015b takiego ma. Nie ma w niej regu\u0142ek, definicji, zgrabnie przeprowadzonych dywagacji logicznych czy te\u017c \u015bci\u015ble okre\u015blonych ci\u0105g\u00f3w przyczynowo-skutkowych buduj\u0105cych jedyn\u0105 s\u0142uszn\u0105 wizj\u0119 przesz\u0142o\u015bci. S\u0105 \u015blady i tropy w postaci fragment\u00f3w wypowiedzi g\u0142\u00f3wnych bohater\u00f3w, wycink\u00f3w prasowych i pytania. I najwazniejsze \u2013 jest ten duch, kt\u00f3ry sprawia, \u017ce uczestnicy tamtych i tamtym podobnych wydarze\u0144, osoby podobnie my\u015bl\u0105ce potrafi\u0105 zwizualizowa\u0107 sobie \u015bwiat sprzed 20, 30 a nawet 40 lat i odnale\u017a\u0107 w nim swoje miejsce. A odpowiedzi ka\u017cdy musi szuka\u0107 w sobie. I to jest si\u0142\u0105 tej ksi\u0105\u017cki. Je\u015bli zadasz sobie pytanie to sama b\u0105d\u017a sam b\u0119dziesz w stanie na nie sobie odpowiedzie\u0107.<\/p>\n<p>To ksi\u0105\u017cka troch\u0119 niebezpieczna. Opowiem to na przyk\u0142adzie.<br \/>\nMam koleg\u0119, poznali\u015bmy si\u0119 20 lat temu. On w ramach swego m\u0142odzie\u017cowego buntu gra\u0142 w zespole punkowym, ja wtedy mia\u0142em ju\u017c za sob\u0105 etap menad\u017cerki dla kilku zespo\u0142\u00f3w, kilkuletnie organizowanie koncert\u00f3w na \u015al\u0105sku i prac\u0119 w ma\u0142ej firmie fonograficznej. Na chwil\u0119 si\u0119 rozesz\u0142o i po oko\u0142o 10 letniej przerwie odnowili\u015bmy znajomo\u015b\u0107. <\/p>\n<p>Facet przeszed\u0142 typow\u0105 drog\u0119 dla m\u0142odych i zdolnych. Wyjazd z ma\u0142ego miasta na studia do Warszawy, praca w koncernach, mieszkanie w Warszawie. Schemat. Generalnie mi\u0142e wsp\u00f3lne lanczyki. I tylko irytuj\u0105ce czasem pytania: \u201eCzym teraz je\u017adzisz? Gdzie byli\u015bcie na wakacjach?\u201d, chwalenie si\u0119 kolejnym kredytem na mieszkanie, przeprowadzk\u0105 i budow\u0105 domu. A z drugiej strony t\u0119sknota za dawnymi czasami. <\/p>\n<p>Mam \u015bwiadomo\u015b\u0107, \u017ce dla faceta jestem tym, kt\u00f3ry zna si\u0119 i pracuje z kilkoma jego idolami z m\u0142odo\u015bci. Wi\u0119c wci\u0105\u017c mnie o nich pyta. Ale to nic. Bo co\u015b dziwnego sta\u0142o si\u0119 z nim po przeczytaniu tej ksi\u0105\u017cki. Zacz\u0105\u0142em dostawa\u0107 od niego wiadomo\u015bci, kt\u00f3re mnie przestraszy\u0142y. T\u0119sknota za m\u0142odo\u015bci\u0105, mo\u017ce kryzys wieku \u015bredniego, mo\u017ce nuda w pracy (a jest managerem \u015bredniego szczebla w du\u017cej korporacji) sprawi\u0142y, \u017ce ch\u0142opak w moim mniemaniu zacz\u0105\u0142 \u0142apa\u0107 schizofreni\u0119. Nagle zacz\u0105\u0142 my\u015ble\u0107 o graniu znowu na gitarze, nagle zacz\u0105\u0142 pisa\u0107 o tym jak to mu \u017ale w firmie i jak jego \u017cycie jest nijakie. Zacz\u0105\u0142 mnie adorowa\u0107 i g\u0142o\u015bno zazdro\u015bci\u0107 .. mego \u017cycia. <\/p>\n<p>Zbudowa\u0142 sobie jaki\u015b mityczny obraz idyllicznego \u015bwiata pe\u0142nego idea\u0142\u00f3w, kt\u00f3re on nie jest nawet w stanie dotkn\u0105\u0107, a w kt\u00f3rych chia\u0142by wej\u015b\u0107 &#8211; teraz. I nagle zacz\u0105\u0142 sw\u00f3j \u015bwiat niebezpiecznie deprecjonowa\u0107, stworzy\u0142 wr\u0119cz wizj\u0119 swojej niewoli w nim. Oto przyk\u0142adowy fragment maila od niego:<\/p>\n<ol>\u201eTwoja obecno\u015b\u0107 w naszym \u017cyciu i pami\u0119\u0107 jest dla mnie czym\u015b wyj\u0105tkowym jak taki portal pomi\u0119dzy korporacj\u0105 a \u015bwiatem \u017cywym, wa\u017cnym, prawdziwym gdzie nie mam dylematu branie czy dawanie, gdzie najwa\u017cniejsze to by\u0107 sob\u0105 nie krzywdz\u0105c innych.\u201d<\/ol>\n<p>Szanowni Pa\u0144stwo, ta ksi\u0105\u017cka pyta o to czy mo\u017cna \u017cy\u0107 obok Babilonu, czy mo\u017cna odizolowa\u0107 si\u0119 od systemu. Ta ksi\u0105\u017cka szuka odpowiedzi na pytanie jak \u017cy\u0107 godnie jednocze\u015bnie buntuj\u0105c si\u0119 przeciwko z\u0142u. Ale mam ogromn\u0105 pro\u015bb\u0119: nie burzcie swojego \u017cycia, nie przekre\u015blajcie tego co aktualnie robicie, nie porzucajcie swoich \u017con i dzieci, nie budujcie erem\u00f3w w Beskidzie Niskim i nie podpalajcie swoich biur.<br \/>\nWci\u0105\u017c uczcie dzieci, \u017ce (u\u017cywaj\u0105c s\u0142\u00f3w Krzysztofa \u017beromskiego z grupy KARCER) <strong>bunt jest naszym obowi\u0105zkiem<\/strong>, ale nie dzielcie \u015bwiata na dobry i z\u0142y i <strong>nie stawajcie w rozkroku w swojej frustracji<\/strong>. Nie wpadajcie w schizofreni\u0119. <\/p>\n<p>Jest na sali Mirek, z kt\u00f3rym te\u017c 20 lat temu prowadzili\u015bmy d\u0142ugie dysputy w poczekalni na dworcu PKP w Katowicach. Nie wiem Mirek czy pami\u0119tasz tak\u0105 nasz\u0105 rozmow\u0119, gdzie zasugerowa\u0142em, \u017ce tak naprawd\u0119 ca\u0142y nasz bunt i okres punkrocka po latach b\u0119dziemy wspomina\u0107 jak frajd\u0119 z m\u0142odo\u015bci. Nie wiem, ciekawy jestem jak spogl\u0105dasz na to dzisiaj, ale ja jestem w stanie si\u0119 pod tak\u0105 tez\u0105 wci\u0105\u017c podpisa\u0107. Chocia\u017c oczywi\u015bcie wci\u0105\u017c wierz\u0119 w wiele idea\u0142\u00f3w, kt\u00f3re by\u0142y mi bliskie wtedy. Aby si\u0119 to jako\u015b zla\u0142o w ca\u0142o\u015b\u0107 postanowi\u0142em zako\u0144czy\u0107 cytatem z poety:<\/p>\n<ol>\u201e(&#8230;) spontaniczna komercja zmixowana z rozs\u0105dn\u0105 kontestacj\u0105\u2028wydaje mi si\u0119 na tym etapie do\u015b\u0107 optymalnym rozwi\u0105zaniem (&#8230;)&#8221;<\/ol>\n<p>Ten poeta to Pawe\u0142 Konjo Konnak a ja bardzo dzi\u0119kuj\u0119<\/p><\/blockquote>\n<p>(a ten text: <a href=\"http:\/\/www.manufaktura-legenda.pl\/\"><strong>S\u0142avek Pakos<\/strong><\/a>, wczoraj w krakowie. no, ja [=JA ;] nie mam nic do dodania\u2026 no, mo\u017ce tyle, \u017ce zdj\u0119cie nie moje, a z jakiego\u015b te\u017c ju\u017c chyba nieistniej\u0105cego bloga o katowicach. tyle zostaje.<\/p>\n","protected":false},"excerpt":{"rendered":"<p>ale to (nie tylko) o Naszej; no to. (= o dworcu w katowicach; kt\u00f3rego te\u017c ju\u017c pono\u0107 nie ma.) Nie jestem autorem tej ksi\u0105\u017cki, ale jej wydawc\u0105, i na zaproszenie Szanownych Pan\u00f3w przyjecha\u0142em tu z Katowic, eee, ze \u015al\u0105ska. Mam pewien problem z m\u00f3wieniem, \u017ce przyjecha\u0142em z Katowic. Przez wi\u0119kszo\u015b\u0107 \u017cycia mieszka\u0142em w Bytomiu i [&hellip;]<\/p>\n","protected":false},"author":1,"featured_media":0,"comment_status":"open","ping_status":"open","sticky":false,"template":"","format":"standard","meta":{"footnotes":""},"categories":[12],"tags":[2371,31,207,2213,1601,307,2372],"class_list":["post-11701","post","type-post","status-publish","format-standard","hentry","category-mark-e-think","tag-bytom","tag-katowice","tag-konformizm","tag-obok","tag-pkp","tag-prl","tag-wolnosc-xxi-wiek"],"_links":{"self":[{"href":"https:\/\/ooops.pl\/index.php?rest_route=\/wp\/v2\/posts\/11701","targetHints":{"allow":["GET"]}}],"collection":[{"href":"https:\/\/ooops.pl\/index.php?rest_route=\/wp\/v2\/posts"}],"about":[{"href":"https:\/\/ooops.pl\/index.php?rest_route=\/wp\/v2\/types\/post"}],"author":[{"embeddable":true,"href":"https:\/\/ooops.pl\/index.php?rest_route=\/wp\/v2\/users\/1"}],"replies":[{"embeddable":true,"href":"https:\/\/ooops.pl\/index.php?rest_route=%2Fwp%2Fv2%2Fcomments&post=11701"}],"version-history":[{"count":12,"href":"https:\/\/ooops.pl\/index.php?rest_route=\/wp\/v2\/posts\/11701\/revisions"}],"predecessor-version":[{"id":11710,"href":"https:\/\/ooops.pl\/index.php?rest_route=\/wp\/v2\/posts\/11701\/revisions\/11710"}],"wp:attachment":[{"href":"https:\/\/ooops.pl\/index.php?rest_route=%2Fwp%2Fv2%2Fmedia&parent=11701"}],"wp:term":[{"taxonomy":"category","embeddable":true,"href":"https:\/\/ooops.pl\/index.php?rest_route=%2Fwp%2Fv2%2Fcategories&post=11701"},{"taxonomy":"post_tag","embeddable":true,"href":"https:\/\/ooops.pl\/index.php?rest_route=%2Fwp%2Fv2%2Ftags&post=11701"}],"curies":[{"name":"wp","href":"https:\/\/api.w.org\/{rel}","templated":true}]}}