{"id":10565,"date":"2011-03-07T17:43:14","date_gmt":"2011-03-07T06:13:14","guid":{"rendered":"https:\/\/ooops.pl\/?p=10565"},"modified":"2011-03-07T17:43:14","modified_gmt":"2011-03-07T06:13:14","slug":"nasi-byli-dobrzy-ich-byli-zli","status":"publish","type":"post","link":"https:\/\/ooops.pl\/?p=10565","title":{"rendered":"Nasi (byli) dobrzy. (ich byli \u0179li)"},"content":{"rendered":"<p>czy (np.) \u201epolskipunk&#8221; \u2013 <a href=\"http:\/\/tytyci.blogspot.com\/2011\/03\/nabyem-droga-kupna.html\">nadawa\u0142 si\u0119 do s\u0142uchania<\/a>? te\u017c pytanie: po latach \u2013 nawet \u201e<a href=\"http:\/\/www.youtube.com\/watch?v=Kas9lMZA2m4\">bia\u0142y krzy\u017c<\/a>&#8221; jest ok. (jak Pami\u0119\u0107 zaczyna zawodzi\u0107 i p\u0119cherz i\u2026)<\/p>\n<blockquote><p><strong>Trzy Korony Formacja Rockowa<\/strong><\/p><\/blockquote>\n<p>(na <a href=\"http:\/\/www.facebook.com\/home.php#!\/permalink.php?story_fbid=102200876528870&#038;id=100001650947062&#038;notif_t=share_reply\">f-b\u00f3ku<\/a>, to linka nie dzia\u0142a u niekt\u00f3rych, bo.)<\/p>\n<blockquote><p>Czy to prawda co sugeruje <a href=\"http:\/\/www.polskieradio.pl\/9\/716\/Artykul\/322181,Powiew-wiatru-historii\">Jerzy Sosnowki w rozmowie z Miros\u0142awem Chojeckim<\/a>, ze studenci nazywali uwtor Klenczona \u201eBialy krzyz&#8221; songiem Moczara? Skad on to wzial? <\/p><\/blockquote>\n<p><a href=\"http:\/\/www.pracownia52.pl\/\"><img loading=\"lazy\" decoding=\"async\" src=\"https:\/\/ooops.pl\/wp-content\/uploads\/2011\/03\/1979-warszawa-zatrasie-low-res-6.jpg\" alt=\"\" title=\"1979-warszawa-zatrasie-low-res-6\" width=\"600\" height=\"610\" class=\"alignnone size-full wp-image-10582\" \/><\/a><br \/>\n<!--more--><\/p>\n<blockquote><p><strong>makowski<\/strong><br \/>\ntak, te\u017c co\u015b tak pami\u0119tam&#8230; to prawda (chyba, o ile pami\u0119\u0107 mnie ;) ale: czy \u201estudenci&#8221;? ja by\u0142em w liceum&#8230; (ale \u201estudenci&#8221; brzmi bardziej&#8230; Martyrologicznie ;)<\/p>\n<ol><strong>Trzy Korony Formacja Rockowa<\/strong><br \/>\n\u200e\u201eCo\u015b tak pami\u0119tam &#8221; to troche za malo. Prosze konkretne dowody, bo inaczej to tylko pomowienia, zlosliwe plotki albo po prostu ignorancja. W zasadzie to Chojecki tego wcale nie potwierdzi! <a href=\"http:\/\/www.polskieradio.pl\/9\/716\/Artykul\/322181,Powiew-wiatru-historii\">Posluchaj -15:33<\/a>.<\/ol>\n<p><strong>makowski<\/strong><br \/>\n\u201eprosze Dowody&#8221; to do nas m\u00f3wi\u0142 Milicjant wtedy\u2026<br \/>\n(ale jak si\u0119 Panu chce szuka\u0107\u2026 bowiem mnie nudz\u0105 opinie typu: \u201epomowienia, zlosliwe plotki albo po prostu ignorancja&#8230;&#8221; trudno: zostan\u0119 ignorantem ju\u017c.)<\/p>\n<ol>\u201eKto wpad\u0142 na pomys\u0142, by tym utworem czci\u0107 rocznic\u0119 odzyskania niepodleg\u0142o\u015bci ? Innym&#8230; kuriozum z \u201eNaszej Niepodleg\u0142ej&#8221; jest \u201epartyzancki&#8221; przeb\u00f3j Czerwonych Gitar \u201eBia\u0142y krzy\u017c&#8221; z 1968r. W roku 1968 na fali byli tzw. partyzanci z PZPR, kt\u00f3rym przewodzi\u0142 genera\u0142 Moczar, by\u0142y partyzant AL. Czy to mo\u017cliwe, by re\u017cimowy tek\u015bciarz J. Kondratowicz <a href=\"http:\/\/forum.polskieradio.pl\/posts.aspx?t=4350\"><strong>przypadkowo akurat wtedy<\/strong><\/a> si\u0119gn\u0105\u0142 po tematyk\u0119 partyzanck\u0105?<br \/>\n(\u2026)<\/ol>\n<\/blockquote>\n<p>przesz\u0142o z Tragarzami.<br \/>\n&#8230;&#8230;&#8230;&#8230;&#8230;&#8230;&#8230;&#8230;&#8230;&#8230;&#8230;&#8230;&#8230;&#8230;&#8230;..<br \/>\ni kontynuacja; cho\u0107 nie wiem, po co. chyba = dla Potomno\u015bci, prawda?<br \/>\npo, po po\u2026<br \/>\n(d. pa, pa pa!)<\/p>\n<blockquote><p><strong>Trzy Korony Formacja Rockowa<\/strong><br \/>\nMysle, ze nalezy tutaj zastosowac tzw. regu\u0142e \u201eowoc\u00f3w zatrutego drzewa\u201d dyskwalifikujca ka\u017cde wadliwe lub wadliwie uzyskany dowod, a nawet dowod przeprowadzony prawid\u0142owo, lecz pochodz\u0105cy ze ska\u017conego\u201d \u017ar\u00f3d\u0142a dowodu.<\/p>\n<ol><strong>makowski<\/strong><br \/>\nja si\u0119 nie znam. ja tylko \u017cy\u0142em w Tamtych czasach (tfu.)<br \/>\ni teraz widz\u0119, jak (= Koledzy) idealizuj\u0105 m\u0142odo\u015b\u0107; bo byli m\u0142odsi.<br \/>\nc\u00f3\u017c&#8230;<br \/>\nmo\u017cna i tak.<br \/>\n(\u201emilo\u015b\u0107 i w sieni jest poezj\u0105&#8230;&#8221; jak \u015bpiewa\u0142 kolega z tamtych tak, za Poet\u0105.)<br \/>\n&#8230;tylko = ja nie umiem, bo i moczara (tfu!) i spicz gomu\u0142ki (tfu!) po Marcu = BARDZO DOBRZE PAMI\u0118TAM.<br \/>\na i \u201ebia\u0142y krzy\u017c&#8221; &#8212; jak go grali w TVP; i to nie wiem, czy nie na festiwalu w ko\u0142obrzegu, te\u017c.<br \/>\n(a nie my\u015bl\u0119 tu o punkowym festiwalu w ko\u0142obrzegu w 1980&#8230;)<br \/>\nco do tego ko\u0142obrzegu &#8212; mog\u0119 sie myli\u0107; ale reszta&#8230;<br \/>\nPa\u0144stwo wybacz\u0105: mnie, ignorantowi.<br \/>\ndo us\u0142yszenia, mo\u017ce.<\/ol>\n<p><strong>Trzy Korony Formacja Rockowa<\/strong><br \/>\n\u201eBialy krzyz&#8221; jest kompozycja K. Klenczona. Zespol Trzy Korony NIGDY nie wystapil na festiwalu w Kolobrzegu. Mozna to latwo sprawdzic na liscie wykonawcow na festiwalowym website. Jesli chodzi o bywanie wladzy PRl-owskiej w studenckich kabaretach i stosunku Moczara do Ak-owcow, polecam ksiazke \u201ePuszka z Pandora&#8221; Ryszrada Marka Gronskiego. O dzialaczach partyjnych pisze: najch\u0119tniej ferajna odwiedza\u0142a warszawski STS. Wyl\u0119garni\u0119 ideowej m\u0142odzie\u017cy, co owszem &#8211; krytykowa\u0142a i wykpiwa\u0142a mankamenty socjalizmu. Ale zawsze z pozycji przekonanych&#8230; Bywanie w\u0142adzy \/i to wysokiego szczebla\/ skomplikowa\u0142o si\u0119 dopiero wtedy, gdy walka frakcji i grup nacisku sta\u0142a si\u0119 jawna.&#8221; A na temat Moczara pisze: &#8222;Ale Moczar roku 64 to by\u0142 ju\u017c kto\u015b inny. Kaptowa\u0142 zwolennik\u00f3w, ujmowa\u0142 si\u0119 za krzywd\u0105 AK-owc\u00f3w, kt\u00f3rych jeszcze nie tak dawno wsadza\u0142, uderza\u0142 w nuty patriotyczne i niepodleg\u0142o\u015bciowe, kocha\u0142 artyst\u00f3w, ceni\u0142 dowcip. Nad wyretuszowaniem wizerunku wodza partyzant\u00f3w czuwali doradcy&#8221;<\/p>\n<ol><strong>makowski<\/strong><br \/>\nok, to by\u0142o Opole. bardzo opozycyjna impreza.<br \/>\n<a href=\"http:\/\/www.youtube.com\/watch?v=Kas9lMZA2m4\">www.youtube.com\/watch?v=Kas9lMZA2m4<\/a><\/ol>\n<p>(\u2026)<br \/>\n<strong>Trzy Korony Formacja Rockowa<\/strong><br \/>\nno, tak i pamietaj &#8211; to by\u0142y Czerwone Gitary a nie Trzy Korony!!!<\/p>\n<ol><strong>makowski<\/strong><br \/>\nCzerwone gitary = dobrze 3 korony \u017ale? (albo odwrotnie, bo mnie sie myli&#8230;)<br \/>\nubrudzi\u0107 3 palce mo\u017cna; a 4ry to ju\u017c kolaboracja?<br \/>\nale ja si\u0119 nie znam; ja wtedu <strong><em>d\u017cezzu<\/em><\/strong> s\u0142ucha\u0142em.<br \/>\n(= ZAMIAST &#8212; moczara, AK-owc\u00f3w, gomu\u0142ki i big bitu&#8230;)<\/ol>\n<p><strong>Trzy Korony Formacja Rockowa<\/strong><br \/>\nTrzy Korony nigdy nie graly tego utworu z Kleczonem. Gralismy inna muzyke, rockowa. Palce mamy czyste, kolaboracji nie bylo.<\/p>\n<ol><strong>makowski<\/strong><br \/>\nacha.<\/ol>\n<p><strong>Wiesiek Sowi\u0144ski<\/strong><br \/>\nOjciec Krzysztofa Klenczona by\u0142 w Armii Krajowej. Przypisywanie piosence Bia\u0142y krzy\u017c niegodziwych intencji jest niesmaczne :(((<\/p>\n<ol><strong>Jacek Olechowski<\/strong><br \/>\nLudzie Szanowne: czy \u017ce\u015bcie oczadzieli (\u017ceby mocnej nie powiedzie\u0107)?!<\/ol>\n<p>(\u2026)\n<\/p><\/blockquote>\n<p>i tak dalej.<br \/>\n&#8230;&#8230;&#8230;&#8230;&#8230;&#8230;&#8230;&#8230;&#8230;&#8230;&#8230;&#8230;&#8230;&#8230;&#8230;..<br \/>\na na zdjeciu: warszawa, \u017coliborz; a konkretnie zatrasie. bez zwi\u0105zku. no, mo\u017ce tyle, \u017ce moje foto &#8212; i z ko\u0144ca lat 60. i z kolaboranckiej ul. broniewskiego; co go teraz <a href=\"http:\/\/raster.art.pl\/gallery\/broniewski.html\">Muoda Lewica<\/a> \u015bpiewa, zn\u00f3w.<br \/>\npono.<br \/>\nno, c\u00f3\u017c\u2026<\/p>\n","protected":false},"excerpt":{"rendered":"<p>czy (np.) \u201epolskipunk&#8221; \u2013 nadawa\u0142 si\u0119 do s\u0142uchania? te\u017c pytanie: po latach \u2013 nawet \u201ebia\u0142y krzy\u017c&#8221; jest ok. (jak Pami\u0119\u0107 zaczyna zawodzi\u0107 i p\u0119cherz i\u2026) Trzy Korony Formacja Rockowa (na f-b\u00f3ku, to linka nie dzia\u0142a u niekt\u00f3rych, bo.) Czy to prawda co sugeruje Jerzy Sosnowki w rozmowie z Miros\u0142awem Chojeckim, ze studenci nazywali uwtor Klenczona [&hellip;]<\/p>\n","protected":false},"author":1,"featured_media":0,"comment_status":"open","ping_status":"open","sticky":false,"template":"","format":"standard","meta":{"footnotes":""},"categories":[2130],"tags":[],"class_list":["post-10565","post","type-post","status-publish","format-standard","hentry","category-to-jest-peerel"],"_links":{"self":[{"href":"https:\/\/ooops.pl\/index.php?rest_route=\/wp\/v2\/posts\/10565","targetHints":{"allow":["GET"]}}],"collection":[{"href":"https:\/\/ooops.pl\/index.php?rest_route=\/wp\/v2\/posts"}],"about":[{"href":"https:\/\/ooops.pl\/index.php?rest_route=\/wp\/v2\/types\/post"}],"author":[{"embeddable":true,"href":"https:\/\/ooops.pl\/index.php?rest_route=\/wp\/v2\/users\/1"}],"replies":[{"embeddable":true,"href":"https:\/\/ooops.pl\/index.php?rest_route=%2Fwp%2Fv2%2Fcomments&post=10565"}],"version-history":[{"count":24,"href":"https:\/\/ooops.pl\/index.php?rest_route=\/wp\/v2\/posts\/10565\/revisions"}],"predecessor-version":[{"id":10591,"href":"https:\/\/ooops.pl\/index.php?rest_route=\/wp\/v2\/posts\/10565\/revisions\/10591"}],"wp:attachment":[{"href":"https:\/\/ooops.pl\/index.php?rest_route=%2Fwp%2Fv2%2Fmedia&parent=10565"}],"wp:term":[{"taxonomy":"category","embeddable":true,"href":"https:\/\/ooops.pl\/index.php?rest_route=%2Fwp%2Fv2%2Fcategories&post=10565"},{"taxonomy":"post_tag","embeddable":true,"href":"https:\/\/ooops.pl\/index.php?rest_route=%2Fwp%2Fv2%2Ftags&post=10565"}],"curies":[{"name":"wp","href":"https:\/\/api.w.org\/{rel}","templated":true}]}}