{"id":10199,"date":"2011-02-17T18:13:08","date_gmt":"2011-02-17T06:43:08","guid":{"rendered":"https:\/\/ooops.pl\/?p=10199"},"modified":"2011-02-17T21:58:28","modified_gmt":"2011-02-17T10:28:28","slug":"aa-co-tam-przeszlosc-tylko-to-mi","status":"publish","type":"post","link":"https:\/\/ooops.pl\/?p=10199","title":{"rendered":"aa, co tam: Przesz\u0142o\u015b\u0107. tylko to mi."},"content":{"rendered":"<p>Koledzy przys\u0142ali mi \u2013 moje \u2013 zdj\u0119cie Muniaka (Jno, 1981), z w\u0105tpliwo\u015bciami, czy to muniak (\u201edyskutanci poddaj\u0105 w w\u0105tpliwo\u015b\u0107 czy na zdj\u0119ciu jest Muniak, kt\u00f3ry rzeczywi\u015bcie z rzadka grywa\u0142 na alcie\u2026 W za\u0142\u0105czeniu przedmiot sporu\u2026&#8221;)<br \/>\n<br \/><a href=\"http:\/\/pracownia52.pl\/www\/?page_id=1211\"><img loading=\"lazy\" decoding=\"async\" src=\"https:\/\/ooops.pl\/wp-content\/uploads\/2011\/02\/janusz-muniak-JnO-1981-low-2.jpg\" alt=\"\" title=\"janusz-muniak-JnO-1981-low-2\" width=\"600\" height=\"401\" class=\"alignnone size-full wp-image-10202\" \/><\/a><br \/>\n<!--more--><br \/>\n&#8230;&#8230;&#8230;&#8230;&#8230;&#8230;&#8230;&#8230;&#8230;.<br \/>\ni nic, \u017ce tam by\u0142em, \u017ce mam negatywy, \u017ce\u2026 oni <strong><em>wiedz\u0105<\/em><\/strong> (\u017ce <em>w tysi\u0105cdziewi\u0119\u0107setszterdziestympj\u0105tym<\/em>\u2026)<br \/>\nforsowanie odry i nysy.<br \/>\n&#8230;&#8230;&#8230;&#8230;&#8230;&#8230;&#8230;&#8230;&#8230;.<br \/>\nkiedy\u015b Dziadek opowiada\u0142 wnukom; a one s\u0142ucha\u0142y (bo nie mia\u0142y telewizji).<br \/>\ndzi\u015b przesz\u0142o\u015b\u0107 jes domen\u0105 Specjalist\u00f3w. tylko oni \u2013 mog\u0105.<br \/>\nAutorytaty.<br \/>\nw(n)ie.<br \/>\n&#8230;&#8230;&#8230;&#8230;&#8230;&#8230;&#8230;&#8230;&#8230;.<br \/>\nps.<br \/>\nod Kole\u017canki z dala od Poczty:<\/p>\n<ol>acha, dzi\u015b wysy\u0142a\u0142am Ci kopert\u0119, poleconym \u2013 na kopercie wpisa\u0142am Miros\u0142aw M\u2026, a na druczku M.R. Makowski. Pani mi m\u00f3wi: to jest \u017cle, bo wysy\u0142a pani do jednej a nie dw\u00f3ch os\u00f3b i tego pani nie potwierdz\u0119\u2026 i skre\u015bli\u0142a mi R. na druczku<\/ol>\n<p>nie ma takiego janapaw\u0142a. pawe\u0142 to drugi jest, Kolega.<br \/>\n&#8230;&#8230;&#8230;&#8230;&#8230;&#8230;&#8230;&#8230;&#8230;.<br \/>\npan (pani) z poczty umys\u0142wej \u2013 rz\u0105dzi Zapisem. piek\u0142o pocztowo-historyczne\u2026<br \/>\n&#8230;&#8230;&#8230;&#8230;&#8230;&#8230;&#8230;&#8230;&#8230;.<br \/>\nach, i jakby kto jeszcze \u2013 z f-b\u00f3ka albo <a href=\"http:\/\/strachprzed.blox.pl\/2011\/02\/kolejna-piekna-bryla-o-wysokiej-wartosci.html\">od Pani Joe<\/a> nie zna\u0142: <a href=\"http:\/\/wiadomosci.dziennik.pl\/wydarzenia\/artykuly\/322448,swidnica-tez-uczci-ofiary-katastrofy-smoleskiej-takim-pomnikiem.html\">\u015bwidnicka Buka<\/a> (albo\u2026 bo mnie si\u0119 wszystko z jednym.)<br \/>\n&#8230;&#8230;&#8230;&#8230;&#8230;&#8230;&#8230;&#8230;&#8230;.<br \/>\na dlaczego razem? istnieje mi\u0119dzy tym Pomnikiem \u2013 a januszem muniakiem na zdj\u0119ciu \u2013 <strong><em>podobie\u0144stwo formalne<\/em><\/strong> (a mo\u017ce i Tre\u015bci).<br \/>\njakie?<br \/>\nodpowiedzi prosz\u0119 (nie).<br \/>\n<br \/><a href=\"http:\/\/wiadomosci.dziennik.pl\/wydarzenia\/artykuly\/322448,swidnica-tez-uczci-ofiary-katastrofy-smoleskiej-takim-pomnikiem.html\"><img loading=\"lazy\" decoding=\"async\" src=\"https:\/\/ooops.pl\/wp-content\/uploads\/2011\/02\/buka-albo-organ-pomnik-projekt-janusza-furmanka-643-482.jpg\" alt=\"\" title=\"buka-albo-organ--pomnik-projekt-janusza-furmanka-643-482\" width=\"345\" height=\"477\" class=\"alignnone size-full wp-image-10207\" srcset=\"https:\/\/ooops.pl\/wp-content\/uploads\/2011\/02\/buka-albo-organ-pomnik-projekt-janusza-furmanka-643-482.jpg 345w, https:\/\/ooops.pl\/wp-content\/uploads\/2011\/02\/buka-albo-organ-pomnik-projekt-janusza-furmanka-643-482-217x300.jpg 217w\" sizes=\"auto, (max-width: 345px) 100vw, 345px\" \/><\/a><\/p>\n","protected":false},"excerpt":{"rendered":"<p>Koledzy przys\u0142ali mi \u2013 moje \u2013 zdj\u0119cie Muniaka (Jno, 1981), z w\u0105tpliwo\u015bciami, czy to muniak (\u201edyskutanci poddaj\u0105 w w\u0105tpliwo\u015b\u0107 czy na zdj\u0119ciu jest Muniak, kt\u00f3ry rzeczywi\u015bcie z rzadka grywa\u0142 na alcie\u2026 W za\u0142\u0105czeniu przedmiot sporu\u2026&#8221;)<\/p>\n","protected":false},"author":1,"featured_media":0,"comment_status":"open","ping_status":"open","sticky":false,"template":"","format":"standard","meta":{"footnotes":""},"categories":[4,9],"tags":[2236,2234,2235,307,2237],"class_list":["post-10199","post","type-post","status-publish","format-standard","hentry","category-muzyka","category-camera-obscura","tag-janusz-muniak","tag-jazz-nad-odra","tag-jno","tag-prl","tag-specjalisci"],"_links":{"self":[{"href":"https:\/\/ooops.pl\/index.php?rest_route=\/wp\/v2\/posts\/10199","targetHints":{"allow":["GET"]}}],"collection":[{"href":"https:\/\/ooops.pl\/index.php?rest_route=\/wp\/v2\/posts"}],"about":[{"href":"https:\/\/ooops.pl\/index.php?rest_route=\/wp\/v2\/types\/post"}],"author":[{"embeddable":true,"href":"https:\/\/ooops.pl\/index.php?rest_route=\/wp\/v2\/users\/1"}],"replies":[{"embeddable":true,"href":"https:\/\/ooops.pl\/index.php?rest_route=%2Fwp%2Fv2%2Fcomments&post=10199"}],"version-history":[{"count":16,"href":"https:\/\/ooops.pl\/index.php?rest_route=\/wp\/v2\/posts\/10199\/revisions"}],"predecessor-version":[{"id":10218,"href":"https:\/\/ooops.pl\/index.php?rest_route=\/wp\/v2\/posts\/10199\/revisions\/10218"}],"wp:attachment":[{"href":"https:\/\/ooops.pl\/index.php?rest_route=%2Fwp%2Fv2%2Fmedia&parent=10199"}],"wp:term":[{"taxonomy":"category","embeddable":true,"href":"https:\/\/ooops.pl\/index.php?rest_route=%2Fwp%2Fv2%2Fcategories&post=10199"},{"taxonomy":"post_tag","embeddable":true,"href":"https:\/\/ooops.pl\/index.php?rest_route=%2Fwp%2Fv2%2Ftags&post=10199"}],"curies":[{"name":"wp","href":"https:\/\/api.w.org\/{rel}","templated":true}]}}